{"id":86714,"date":"2021-06-18T15:22:06","date_gmt":"2021-06-18T13:22:06","guid":{"rendered":"https:\/\/www.koper.si\/?p=86714"},"modified":"2021-06-21T08:28:48","modified_gmt":"2021-06-21T06:28:48","slug":"anche-domenica-allinsegna-del-ciclismo-e-delle-variazioni-alla-viabilita-stradale","status":"publish","type":"post","link":"https:\/\/www.koper.si\/it\/anche-domenica-allinsegna-del-ciclismo-e-delle-variazioni-alla-viabilita-stradale\/","title":{"rendered":"Anche domenica all\u2019insegna del ciclismo e delle variazioni alla viabilit\u00e0 stradale\u00a0"},"content":{"rendered":"<p>La gara dei campionati nazionali di ciclismo su strada si svolger\u00e0 domenica 20 giugno, tra le 8:00 alle 20:00. La partenza e l&#8217;arrivo del percorso circolare lungo 17,2 km sar\u00e0 in Via Pirano, dove sono previste <a href=\"https:\/\/www.google.com\/maps\/d\/embed?mid=1FTGa6fzwIOR88TQCfEIrYlaT_MGTApBE&amp;ll=45.518839178953485%2C13.70792366963077&amp;z=13\" target=\"_blank\" rel=\"noopener\">alcune chiusure del traffico.<\/a> I ciclisti percorreranno dieci giri per un totale di 172 chilometri.<\/p>\n<p>Durante lo svolgimento della gara (tra le 8:00 e le 20:00) la <strong>chiusura parziale<\/strong> al traffico interesser\u00e0: Via Pirano, Strada dell&#8217;Istria (costiera), Strada Circolare, Via Veno Pilon, Strada di Monte Marco, Via del Distaccamento Istriano, Via della Valle, la rotatoria sulla strada principale Capodistria\u2013Dragogna, le strade Salara\u2013Vanganel e Bonini\u2013Vanganel, Strada di Tribano, parte della strada che collega Slav\u010dek e la rotatoria Inde, Strada di Lubiana e Strada Zora Perello-Godina.<\/p>\n<p><strong>Le interruzioni totali del traffico dei singoli tratti stradali dureranno da 30 fino ad un massimo di 45 minuti.<\/strong><\/p>\n<p>Per tutta la durata della gara <strong>rimarr\u00e0 completamente chiusa al traffico<\/strong> <strong>una parte di Via Pirano<\/strong>, ossia la parte tra la rotatoria presso il cavalcavia a Semedella e quella presso il mercato cittadino. La chiusura sar\u00e0 dovuta ai lavori di preparazione dell&#8217;area di gara e del posizionamento delle transenne e durer\u00e0 dalle 6:00 alle 24:00. In questi orari rimarr\u00e0 chiuso anche il parcheggio presso la piscina olimpionica e gran parte del parcheggio P+R a Semedella.<\/p>\n<p>Si ricorda i visitatori della citt\u00e0 che <strong>parte del percorso della gara si svolger\u00e0 lungo Strada dell&#8217;Istria<\/strong> ovvero la strada costiera, perci\u00f2 in alcuni momenti della giornata l&#8217;accesso al parcheggio di Giusterna sar\u00e0 interrotto. Sar\u00e0 comunque possibile accedere al parcheggio seguendo la direzione di gara via Monte Marco per Strada dell\u2019Istria (costiera) ovvero attraverso l\u2019abitato di Giusterna, mentre da Capodistria (rotatoria presso il cavalcavia a Semedella) l\u2019accesso non sar\u00e0 possibile.<\/p>\n<p>Consigliamo i visitatori dello stabilimento balneare a Giusterna e del nuovo parco sul mare di parcheggiare le proprie autovetture nelle zone di sosta vicine oppure di raggiungere la spiaggia a piedi o in bici.<strong>\u00a0<\/strong><\/p>\n<p>Ringraziamo le cittadine e i cittadini per la comprensione.<\/p>\n","protected":false},"excerpt":{"rendered":"<p>Dopo la gara a cronometro dei campionati nazionali di ieri, \u00e8 prevista per domenica la gara di ciclismo su strada. Consigliamo vivamente a tutti di consultare le informazioni riguardo la chiusura delle strade e dei parcheggi sul nostro sito prima di eventuali spostamenti da e per Capodistria.<\/p>\n","protected":false},"author":2,"featured_media":86707,"comment_status":"open","ping_status":"open","sticky":false,"template":"","format":"standard","meta":{"_acf_changed":false,"inline_featured_image":false,"footnotes":""},"categories":[282],"tags":[],"class_list":["post-86714","post","type-post","status-publish","format-standard","has-post-thumbnail","hentry","category-generale"],"acf":[],"_links":{"self":[{"href":"https:\/\/www.koper.si\/it\/wp-json\/wp\/v2\/posts\/86714","targetHints":{"allow":["GET"]}}],"collection":[{"href":"https:\/\/www.koper.si\/it\/wp-json\/wp\/v2\/posts"}],"about":[{"href":"https:\/\/www.koper.si\/it\/wp-json\/wp\/v2\/types\/post"}],"author":[{"embeddable":true,"href":"https:\/\/www.koper.si\/it\/wp-json\/wp\/v2\/users\/2"}],"replies":[{"embeddable":true,"href":"https:\/\/www.koper.si\/it\/wp-json\/wp\/v2\/comments?post=86714"}],"version-history":[{"count":1,"href":"https:\/\/www.koper.si\/it\/wp-json\/wp\/v2\/posts\/86714\/revisions"}],"predecessor-version":[{"id":86715,"href":"https:\/\/www.koper.si\/it\/wp-json\/wp\/v2\/posts\/86714\/revisions\/86715"}],"wp:featuredmedia":[{"embeddable":true,"href":"https:\/\/www.koper.si\/it\/wp-json\/wp\/v2\/media\/86707"}],"wp:attachment":[{"href":"https:\/\/www.koper.si\/it\/wp-json\/wp\/v2\/media?parent=86714"}],"wp:term":[{"taxonomy":"category","embeddable":true,"href":"https:\/\/www.koper.si\/it\/wp-json\/wp\/v2\/categories?post=86714"},{"taxonomy":"post_tag","embeddable":true,"href":"https:\/\/www.koper.si\/it\/wp-json\/wp\/v2\/tags?post=86714"}],"curies":[{"name":"wp","href":"https:\/\/api.w.org\/{rel}","templated":true}]}}