{"id":87028,"date":"2021-06-28T11:28:25","date_gmt":"2021-06-28T09:28:25","guid":{"rendered":"https:\/\/www.koper.si\/?p=87028"},"modified":"2021-06-29T11:29:59","modified_gmt":"2021-06-29T09:29:59","slug":"tre-giorni-di-chiusura-della-strada-a-smarje-a-causa-della-costruzione-della-rete-via-cavo","status":"publish","type":"post","link":"https:\/\/www.koper.si\/it\/tre-giorni-di-chiusura-della-strada-a-smarje-a-causa-della-costruzione-della-rete-via-cavo\/","title":{"rendered":"Tre giorni di chiusura della strada a \u0160marje a causa della costruzione della rete via cavo"},"content":{"rendered":"<p>Da mercoled\u00ec, 30 giugno, a venerd\u00ec, 2 luglio, dalle ore 7 alle ore 17, il tratto della strada principale tra la cappella presso la scuola elementare e la casa della cooperativa rimarr\u00e0 completamente chiuso per il traffico a causa della costruzione della rete via cavo, parte della rete elettroenergetica. La deviazione per le macchine e per i mezzi pesanti di piccole dimensioni sar\u00e0 sistemata lungo la scuola elementare fino al monumento, per i mezzi pesanti di grandi dimensioni, del peso complessivo di oltre 15 tonnellate invece per la strada statale Capodistria &#8211; Dragogna, e cio\u00e8 per i villaggi di Dragogna e Sv. Peter.<\/p>\n<p>Si ringrazia le cittadine e i cittadini per la pazienza e la comprensione.<\/p>\n","protected":false},"excerpt":{"rendered":"<p>Nei prossimi giorni parte della strada dalla Casa della Cooperativa alla cappella presso la scuola elementare nel centro di \u0160marje sar\u00e0 completamente chiusa al traffico a causa della costruzione della rete via cavo. La deviazione sar\u00e0 debitamente segnata e sistemata.<\/p>\n","protected":false},"author":17,"featured_media":84501,"comment_status":"open","ping_status":"open","sticky":false,"template":"","format":"standard","meta":{"_acf_changed":false,"inline_featured_image":false,"footnotes":""},"categories":[282],"tags":[],"class_list":["post-87028","post","type-post","status-publish","format-standard","has-post-thumbnail","hentry","category-generale"],"acf":[],"_links":{"self":[{"href":"https:\/\/www.koper.si\/it\/wp-json\/wp\/v2\/posts\/87028","targetHints":{"allow":["GET"]}}],"collection":[{"href":"https:\/\/www.koper.si\/it\/wp-json\/wp\/v2\/posts"}],"about":[{"href":"https:\/\/www.koper.si\/it\/wp-json\/wp\/v2\/types\/post"}],"author":[{"embeddable":true,"href":"https:\/\/www.koper.si\/it\/wp-json\/wp\/v2\/users\/17"}],"replies":[{"embeddable":true,"href":"https:\/\/www.koper.si\/it\/wp-json\/wp\/v2\/comments?post=87028"}],"version-history":[{"count":1,"href":"https:\/\/www.koper.si\/it\/wp-json\/wp\/v2\/posts\/87028\/revisions"}],"predecessor-version":[{"id":87029,"href":"https:\/\/www.koper.si\/it\/wp-json\/wp\/v2\/posts\/87028\/revisions\/87029"}],"wp:featuredmedia":[{"embeddable":true,"href":"https:\/\/www.koper.si\/it\/wp-json\/wp\/v2\/media\/84501"}],"wp:attachment":[{"href":"https:\/\/www.koper.si\/it\/wp-json\/wp\/v2\/media?parent=87028"}],"wp:term":[{"taxonomy":"category","embeddable":true,"href":"https:\/\/www.koper.si\/it\/wp-json\/wp\/v2\/categories?post=87028"},{"taxonomy":"post_tag","embeddable":true,"href":"https:\/\/www.koper.si\/it\/wp-json\/wp\/v2\/tags?post=87028"}],"curies":[{"name":"wp","href":"https:\/\/api.w.org\/{rel}","templated":true}]}}