{"id":87206,"date":"2021-07-09T15:11:19","date_gmt":"2021-07-09T13:11:19","guid":{"rendered":"https:\/\/www.koper.si\/?p=87206"},"modified":"2021-07-14T10:12:00","modified_gmt":"2021-07-14T08:12:00","slug":"referendum-senza-raccolta-firme","status":"publish","type":"post","link":"https:\/\/www.koper.si\/it\/referendum-senza-raccolta-firme\/","title":{"rendered":"Referendum senza raccolta firme\u00a0"},"content":{"rendered":"<p>L\u2019abolizione del PRPC Parco centrale di Capodistria \u00e8 stata oggetto della mozione di referendum, per il quale il promotore aveva raccolto il numero richiesto di firme, ma non si \u00e8 arrivati alla votazione a causa dell\u2019atto di Delibera della Corte costituzionale della Repubblica di Slovenia che ha deciso che \u201cnon \u00e8 possibile decidere al referendum abrogativo\u201d in merito alla validit\u00e0 del decreto in questione.<\/p>\n<p>Visto che la nuova mozione per l\u2019indizione del referendum in relazione all\u2019entrata in vigore del Decreto sulla validit\u00e0 degli atti territoriali su una parte dell\u2019area \u201cCentro urbano Barka\u201d \u00e8 uguale, in termini di contenuto, alla mozione, per la quale il promotore aveva raccolto il numero richiesto di firme, il Sindaco del Comune citt\u00e0 di Capodistria ha deciso di presentare la proposta di indizione del referendum e rendere cos\u00ec possibile l\u2019attuazione del procedimento senza la raccolta rinnovata delle firme. Il Sindaco ha considerato la responsabilit\u00e0 di evitare ogni assembramento non necessario e di gravare sulle cittadine e sui cittadini, nonch\u00e9 sugli impiegati presso l\u2019Unit\u00e0 amministrativa all\u2019inizio dell\u2019autunno, quindi nel periodo della prevista quarta ondata di contagi da nuova variante della malattia covid-19.<\/p>\n<p>Con la proposta di indizione del referendum da parte del Sindaco stesso, si accorceranno significativamente i termini per l\u2019attuazione del referendum, la questione di entrata in vigore del Decreto sulla validit\u00e0 degli atti territoriali su una parte dell\u2019area \u201cCentro urbano Barka\u201d sar\u00e0 quindi risolta molto pi\u00f9 velocemente e si sapr\u00e0 molto prima la decisione delle cittadine e dei cittadini sull\u2019ulteriore sviluppo dell\u2019area, soggetta al Decreto.<\/p>\n<p>Anche se il Sindaco ritiene la mozione di referendum estremamente fuorviante e basata su presupposizioni errate, secondo lui ci\u00f2 non influisce sull\u2019obbligo del Sindaco di garantire l\u2019esercizio di questa forma molto importante di democrazia diretta.<\/p>\n<p>La proposta di indizione del referendum sull\u2019entrata in vigore del Decreto sulla validit\u00e0 degli atti territoriali su una parte dell\u2019area \u201cCentro urbano Barka\u201d verr\u00e0 esaminata dal Consiglio comunale del Comune citt\u00e0 di Capodistria in seno alla sua prossima seduta che si terr\u00e0 il 22 luglio 2021.<\/p>\n","protected":false},"excerpt":{"rendered":"<p>Mercoled\u00ec, 7 luglio, il Sindaco del Comune citt\u00e0 di Capodistria Ale\u0161 Br\u017ean ha ricevuto la mozione per l\u2019indizione del referendum in merito al Decreto sulla validit\u00e0 degli atti territoriali su una parte dell\u2019area \u201cCentro urbano Barka\u201d da parte di Boris Popovi\u010d e dei suoi sostenitori. Il Signor Popovi\u010d motiva la mozione con il fatto che<\/p>\n","protected":false},"author":2,"featured_media":87170,"comment_status":"open","ping_status":"open","sticky":false,"template":"","format":"standard","meta":{"_acf_changed":false,"inline_featured_image":false,"footnotes":""},"categories":[282],"tags":[],"class_list":["post-87206","post","type-post","status-publish","format-standard","has-post-thumbnail","hentry","category-generale"],"acf":[],"_links":{"self":[{"href":"https:\/\/www.koper.si\/it\/wp-json\/wp\/v2\/posts\/87206","targetHints":{"allow":["GET"]}}],"collection":[{"href":"https:\/\/www.koper.si\/it\/wp-json\/wp\/v2\/posts"}],"about":[{"href":"https:\/\/www.koper.si\/it\/wp-json\/wp\/v2\/types\/post"}],"author":[{"embeddable":true,"href":"https:\/\/www.koper.si\/it\/wp-json\/wp\/v2\/users\/2"}],"replies":[{"embeddable":true,"href":"https:\/\/www.koper.si\/it\/wp-json\/wp\/v2\/comments?post=87206"}],"version-history":[{"count":1,"href":"https:\/\/www.koper.si\/it\/wp-json\/wp\/v2\/posts\/87206\/revisions"}],"predecessor-version":[{"id":87207,"href":"https:\/\/www.koper.si\/it\/wp-json\/wp\/v2\/posts\/87206\/revisions\/87207"}],"wp:featuredmedia":[{"embeddable":true,"href":"https:\/\/www.koper.si\/it\/wp-json\/wp\/v2\/media\/87170"}],"wp:attachment":[{"href":"https:\/\/www.koper.si\/it\/wp-json\/wp\/v2\/media?parent=87206"}],"wp:term":[{"taxonomy":"category","embeddable":true,"href":"https:\/\/www.koper.si\/it\/wp-json\/wp\/v2\/categories?post=87206"},{"taxonomy":"post_tag","embeddable":true,"href":"https:\/\/www.koper.si\/it\/wp-json\/wp\/v2\/tags?post=87206"}],"curies":[{"name":"wp","href":"https:\/\/api.w.org\/{rel}","templated":true}]}}