{"id":87273,"date":"2021-07-12T16:03:46","date_gmt":"2021-07-12T14:03:46","guid":{"rendered":"https:\/\/www.koper.si\/?p=87273"},"modified":"2021-07-14T12:28:08","modified_gmt":"2021-07-14T10:28:08","slug":"chiusure-per-lavori-a-smarje-e-dekani","status":"publish","type":"post","link":"https:\/\/www.koper.si\/it\/chiusure-per-lavori-a-smarje-e-dekani\/","title":{"rendered":"Chiusure per lavori a \u0160marje e Dekani"},"content":{"rendered":"<p>L\u2019investimento a Dekani ammonta a circa 160.000 euro (senza l\u2019IVA). I lavori, della durata di presumibilmente tre mesi, verranno realizzati dall\u2019azienda Finali d.o.o. (S.r.l.). Gli operai elimineranno il manto superiore della strada, l\u2019asfalteranno e sostituiranno 245 metri di tubature della rete idrica lungo la strada. Costruiranno anche 25 allacciamenti idrici alle case, il muro di sostegno e rinnoveranno la strada nella parte pi\u00f9 stretta dell\u2019abitato.<\/p>\n<p>Durante i lavori ci saranno modifiche al regime del traffico: la strada sar\u00e0 completamente chiusa per il traffico dalle ore 7 alle ore 17, i residenti potranno accedere alle proprie abitazioni a piedi, dopo le ore 17 la strada sar\u00e0 aperta al traffico.<\/p>\n<p><strong>Rinnovo della strada \u0160marje &#8211; Pu\u010de e chiusura parziale<\/strong><\/p>\n<p>La scorsa settimana il Comune ha avviato il rinnovo di 218 metri della strada \u0160marje &#8211; Pu\u010de. Nell\u2019ambito dell\u2019investimento del valore di 218.000 euro, la societ\u00e0 CPK d.d. (S.p.A.) costruir\u00e0 il muro di sostegno lungo la carreggiata, risaner\u00e0 i danni e rinnover\u00e0 la carreggiata e il sistema di smaltimento delle acque. Anche qui ci sar\u00e0 la modifica del regime del traffico nei prossimi mesi.<\/p>\n","protected":false},"excerpt":{"rendered":"<p>In questi giorni inizia il rinnovo integrato di 260 metri della strada che porta al centro dell\u2019abitato di Dekani. Durante i lavori la strada sar\u00e0 completamente chiusa per il traffico dalle ore 7 alle ore 17, i residenti potranno accedere alle proprie abitazioni a piedi. Il Comune sta gi\u00e0 rinnovando la strada \u0160marje &#8211; Pu\u010de,<\/p>\n","protected":false},"author":2,"featured_media":87184,"comment_status":"open","ping_status":"open","sticky":false,"template":"","format":"standard","meta":{"_acf_changed":false,"inline_featured_image":false,"footnotes":""},"categories":[282],"tags":[],"class_list":["post-87273","post","type-post","status-publish","format-standard","has-post-thumbnail","hentry","category-generale"],"acf":[],"_links":{"self":[{"href":"https:\/\/www.koper.si\/it\/wp-json\/wp\/v2\/posts\/87273","targetHints":{"allow":["GET"]}}],"collection":[{"href":"https:\/\/www.koper.si\/it\/wp-json\/wp\/v2\/posts"}],"about":[{"href":"https:\/\/www.koper.si\/it\/wp-json\/wp\/v2\/types\/post"}],"author":[{"embeddable":true,"href":"https:\/\/www.koper.si\/it\/wp-json\/wp\/v2\/users\/2"}],"replies":[{"embeddable":true,"href":"https:\/\/www.koper.si\/it\/wp-json\/wp\/v2\/comments?post=87273"}],"version-history":[{"count":1,"href":"https:\/\/www.koper.si\/it\/wp-json\/wp\/v2\/posts\/87273\/revisions"}],"predecessor-version":[{"id":87274,"href":"https:\/\/www.koper.si\/it\/wp-json\/wp\/v2\/posts\/87273\/revisions\/87274"}],"wp:featuredmedia":[{"embeddable":true,"href":"https:\/\/www.koper.si\/it\/wp-json\/wp\/v2\/media\/87184"}],"wp:attachment":[{"href":"https:\/\/www.koper.si\/it\/wp-json\/wp\/v2\/media?parent=87273"}],"wp:term":[{"taxonomy":"category","embeddable":true,"href":"https:\/\/www.koper.si\/it\/wp-json\/wp\/v2\/categories?post=87273"},{"taxonomy":"post_tag","embeddable":true,"href":"https:\/\/www.koper.si\/it\/wp-json\/wp\/v2\/tags?post=87273"}],"curies":[{"name":"wp","href":"https:\/\/api.w.org\/{rel}","templated":true}]}}