{"id":87483,"date":"2021-07-21T17:58:46","date_gmt":"2021-07-21T15:58:46","guid":{"rendered":"https:\/\/www.koper.si\/?p=87483"},"modified":"2021-07-22T14:09:20","modified_gmt":"2021-07-22T12:09:20","slug":"da-domani-gli-autobus-partono-dalla-stazione-provvisoria-in-strada-della-stazione","status":"publish","type":"post","link":"https:\/\/www.koper.si\/it\/da-domani-gli-autobus-partono-dalla-stazione-provvisoria-in-strada-della-stazione\/","title":{"rendered":"Da domani gli autobus partono dalla stazione provvisoria in Strada della Stazione"},"content":{"rendered":"<p>Entro la fine dell\u2019anno gli operai dell\u2019azienda Adrialing d.o.o. (S.r.l.) costruiranno la nuova stazione centrale degli autobus che avr\u00e0 in totale 14 banchine, una tettoia a forma di elisse che servir\u00e0 da riparo dalla pioggia e dal sole, uno stabile al pianterreno con la sala d\u2019attesa, nuovi bagni, una stazione per gli autobus cittadini, un parcheggio con tre posti per la sosta breve di autobus, 10 fermate taxi e l\u2019arredo urbano. Il valore dei lavori ammonta a <strong>1.949.404,94 euro <\/strong>(IVA inclusa); il Comune acquisir\u00e0 <strong>900.329,21 euro <\/strong>dal fondo di coesione europeo, lo Stato invece cofinanzier\u00e0 <strong>185.881,63 euro.<\/strong><\/p>\n<p>In questo modo il Comune migliorer\u00e0 ulteriormente la funzionalit\u00e0 e l\u2019immagine della stazione degli autobus e stimoler\u00e0 gli utenti ad usare il trasporto pubblico. L\u2019esecutore dei lavori, Adriaing d.o.o. (S.r.l.) sistemer\u00e0 durante i lavori una stazione degli autobus provvisoria, e cio\u00e8 al parcheggio di fronte allo stabile della stazione ferroviaria e dell\u2019ufficio postale, dove ci saranno 11 banchine e nove fermate per i taxi e altri trasporti.<\/p>\n<p>Durante i lavori ci sar\u00e0 nelle immediate vicinanze la stazione degli autobus provvisoria, e cio\u00e8 presso il parcheggio P+R tra la stazione ferroviaria e la posta centrale. La stazione provvisoria avr\u00e0 nove banchine. <strong>I primi autobus fermeranno alla stazione provvisoria da domani in poi. L\u2019orario non subir\u00e0 modifiche. <\/strong>(Pubblicato su <a href=\"http:\/\/www.arriva.si\" target=\"_blank\" rel=\"noopener\">www.arriva.si<\/a> e <a href=\"http:\/\/www.nomago.si\" target=\"_blank\" rel=\"noopener\">www.nomago.si<\/a>).<\/p>\n","protected":false},"excerpt":{"rendered":"<p>In questi giorni il Comune citt\u00e0 di Capodistria avvier\u00e0 i lavori di demolizione dell\u2019esistente edificio in Strada della Stazione a Capodistria; nei prossimi mesi vi costruir\u00e0 una nuova stazione degli autobus. Per un funzionamento incontrastato del trasporto pubblico, nelle scorse settimane il Comune ha instaurato una stazione provvisoria con nove banchine presso il parcheggio tra<\/p>\n","protected":false},"author":2,"featured_media":87469,"comment_status":"open","ping_status":"open","sticky":false,"template":"","format":"standard","meta":{"_acf_changed":false,"inline_featured_image":false,"footnotes":""},"categories":[282],"tags":[],"class_list":["post-87483","post","type-post","status-publish","format-standard","has-post-thumbnail","hentry","category-generale"],"acf":[],"_links":{"self":[{"href":"https:\/\/www.koper.si\/it\/wp-json\/wp\/v2\/posts\/87483","targetHints":{"allow":["GET"]}}],"collection":[{"href":"https:\/\/www.koper.si\/it\/wp-json\/wp\/v2\/posts"}],"about":[{"href":"https:\/\/www.koper.si\/it\/wp-json\/wp\/v2\/types\/post"}],"author":[{"embeddable":true,"href":"https:\/\/www.koper.si\/it\/wp-json\/wp\/v2\/users\/2"}],"replies":[{"embeddable":true,"href":"https:\/\/www.koper.si\/it\/wp-json\/wp\/v2\/comments?post=87483"}],"version-history":[{"count":1,"href":"https:\/\/www.koper.si\/it\/wp-json\/wp\/v2\/posts\/87483\/revisions"}],"predecessor-version":[{"id":87484,"href":"https:\/\/www.koper.si\/it\/wp-json\/wp\/v2\/posts\/87483\/revisions\/87484"}],"wp:featuredmedia":[{"embeddable":true,"href":"https:\/\/www.koper.si\/it\/wp-json\/wp\/v2\/media\/87469"}],"wp:attachment":[{"href":"https:\/\/www.koper.si\/it\/wp-json\/wp\/v2\/media?parent=87483"}],"wp:term":[{"taxonomy":"category","embeddable":true,"href":"https:\/\/www.koper.si\/it\/wp-json\/wp\/v2\/categories?post=87483"},{"taxonomy":"post_tag","embeddable":true,"href":"https:\/\/www.koper.si\/it\/wp-json\/wp\/v2\/tags?post=87483"}],"curies":[{"name":"wp","href":"https:\/\/api.w.org\/{rel}","templated":true}]}}