{"id":87859,"date":"2021-08-10T10:25:32","date_gmt":"2021-08-10T08:25:32","guid":{"rendered":"https:\/\/www.koper.si\/?p=87859"},"modified":"2021-08-11T10:26:40","modified_gmt":"2021-08-11T08:26:40","slug":"domani-capodistria-si-tingera-di-nuovo-dei-colori-delle-olimpiadi","status":"publish","type":"post","link":"https:\/\/www.koper.si\/it\/domani-capodistria-si-tingera-di-nuovo-dei-colori-delle-olimpiadi\/","title":{"rendered":"Domani Capodistria si tinger\u00e0 di nuovo dei colori delle Olimpiadi"},"content":{"rendered":"<p>Dal 23 luglio la Slovenia intera ha seguito le gare e le partite dei nostri rappresentanti a Tokyo; tra di loro anche cinque capodistriane e capodistriani. Le veliste <strong>Veronika Macarol<\/strong> e <strong>Tina Mrak<\/strong> si sono piazzate al quinto posto nella classe 470, le kayakiste <strong>\u0160pela Ponomarenko Jani\u0107<\/strong> e <strong>Anja Osterman<\/strong> ritornano invece dal Giappone con il 17\u00b0 e il 20\u00b0 posto. I cestisti sloveni, tra cui anche i capodistriani <strong>Vlatko \u010can\u010dar<\/strong> e <strong>Gregor Hrovat<\/strong>, hanno giocato con l\u2019Australia lo scorso fine settimana e si sono classificati al quarto posto.<\/p>\n<p>Il ricevimento ufficiale, organizzato dall\u2019<strong>Unione sportiva di Capodistria <\/strong>e dal <strong>Comune citt\u00e0 di Capodistria<\/strong> si terr\u00e0 domani, 11 agosto, alle ore 20 in Piazza Tito. Si esibir\u00e0 il gruppo <strong>Gedore.<\/strong> Ancor prima, alle ore 19.30, i gruppi di tifosi <strong>Dvanajsti Kopra <\/strong>e <strong>Tifozi Koper <\/strong>accompagneranno gli sportivi olimpici dalla piscina a Bonifika fino a Piazza Tito.<\/p>\n<p>L\u2019entrata sar\u00e0 permessa a coloro che si sono vaccinati contro la COVID-19, che sono risultati negativi al tampone o che sono guariti dalla malattia. <strong>Il prelievo tamponi <\/strong>rapidi antigenici avr\u00e0 luogo al <strong>punto Covid <\/strong>a Bonifika a Capodistria <strong>dalle ore 14 alle ore 19.<\/strong> <strong>A partire dalle ore 19.30 i test rapidi antigenici verranno prelevati anche presso la Casa di sanit\u00e0 di Capodistria <\/strong>in Via Luciano Dellavalle n. 3 a Capodistria.<\/p>\n","protected":false},"excerpt":{"rendered":"<p>I tifosi e i sostenitori potranno salutare e dare il benvenuto ai campioni capodistriani delle ultime Olimpiadi di Tokyo al ricevimento ufficiale nella piazza centrale della citt\u00e0. Prima del ricevimento gli sportivi, accompagnati da gruppi di tifosi, faranno il giro della citt\u00e0. Sar\u00e0 permessa l\u2019entrata all\u2019evento a coloro che si sono vaccinati contro la COVID-19,<\/p>\n","protected":false},"author":17,"featured_media":87828,"comment_status":"open","ping_status":"open","sticky":false,"template":"","format":"standard","meta":{"_acf_changed":false,"inline_featured_image":false,"footnotes":""},"categories":[282],"tags":[],"class_list":["post-87859","post","type-post","status-publish","format-standard","has-post-thumbnail","hentry","category-generale"],"acf":[],"_links":{"self":[{"href":"https:\/\/www.koper.si\/it\/wp-json\/wp\/v2\/posts\/87859","targetHints":{"allow":["GET"]}}],"collection":[{"href":"https:\/\/www.koper.si\/it\/wp-json\/wp\/v2\/posts"}],"about":[{"href":"https:\/\/www.koper.si\/it\/wp-json\/wp\/v2\/types\/post"}],"author":[{"embeddable":true,"href":"https:\/\/www.koper.si\/it\/wp-json\/wp\/v2\/users\/17"}],"replies":[{"embeddable":true,"href":"https:\/\/www.koper.si\/it\/wp-json\/wp\/v2\/comments?post=87859"}],"version-history":[{"count":1,"href":"https:\/\/www.koper.si\/it\/wp-json\/wp\/v2\/posts\/87859\/revisions"}],"predecessor-version":[{"id":87860,"href":"https:\/\/www.koper.si\/it\/wp-json\/wp\/v2\/posts\/87859\/revisions\/87860"}],"wp:featuredmedia":[{"embeddable":true,"href":"https:\/\/www.koper.si\/it\/wp-json\/wp\/v2\/media\/87828"}],"wp:attachment":[{"href":"https:\/\/www.koper.si\/it\/wp-json\/wp\/v2\/media?parent=87859"}],"wp:term":[{"taxonomy":"category","embeddable":true,"href":"https:\/\/www.koper.si\/it\/wp-json\/wp\/v2\/categories?post=87859"},{"taxonomy":"post_tag","embeddable":true,"href":"https:\/\/www.koper.si\/it\/wp-json\/wp\/v2\/tags?post=87859"}],"curies":[{"name":"wp","href":"https:\/\/api.w.org\/{rel}","templated":true}]}}