{"id":87876,"date":"2021-08-12T11:50:36","date_gmt":"2021-08-12T09:50:36","guid":{"rendered":"https:\/\/www.koper.si\/?p=87876"},"modified":"2021-08-12T11:50:36","modified_gmt":"2021-08-12T09:50:36","slug":"ricevimento-per-i-campioni-olimpici-di-capodistria","status":"publish","type":"post","link":"https:\/\/www.koper.si\/it\/ricevimento-per-i-campioni-olimpici-di-capodistria\/","title":{"rendered":"Ricevimento per i campioni olimpici di Capodistria"},"content":{"rendered":"<p>Dal 23 luglio la Slovenia intera ha seguito le gare e le partite dei nostri rappresentanti a Tokyo; tra di loro anche cinque capodistriane e capodistriani e una piranese. Le veliste Veronika Macarol e Tina Mrak si sono piazzate al quinto posto, le kayakiste Anja Osterman e \u0160pela Ponomarenko Jani\u010d si sono classificate nella semifinale, i cestisti Gregor Hrovat e Vlatko \u010can\u010dar sono ritornati invece dal Giappone con il quarto posto in mano.<\/p>\n<p>I campioni sportivi capodistriani Vlatko \u010can\u010dar, Gregor Hrovat, \u0160pela Ponomarenko Jani\u010d, Veronika Macarol e la piranese Tina Mrak, accompagnati dai gruppi di tifosi Dvanajsti Kopra e Tifozi, hanno fatto il giro della citt\u00e0 per arrivare in Piazza Tito, dove li ha attesi una gran folla di tifosi e il gruppo musicale Gedore.<\/p>\n<div id='gallery-1'  class='gallery galleryid-87876 gallery-columns-2 gallery-size-full'><figure class='gallery-item'>\n\t\t\t<div class='gallery-icon landscape'>\n\t\t\t\t<a data-fancybox=\"gallery-87876\" data-caption=\"\" href='https:\/\/www.koper.si\/wp-content\/uploads\/2021\/08\/1U3A6675.jpg'><img loading=\"lazy\" decoding=\"async\" width=\"2200\" height=\"1467\" src=\"https:\/\/www.koper.si\/wp-content\/uploads\/2021\/08\/1U3A6675.jpg\" class=\"attachment-full size-full\" alt=\"\" srcset=\"https:\/\/www.koper.si\/wp-content\/uploads\/2021\/08\/1U3A6675.jpg 2200w, https:\/\/www.koper.si\/wp-content\/uploads\/2021\/08\/1U3A6675-768x512.jpg 768w, https:\/\/www.koper.si\/wp-content\/uploads\/2021\/08\/1U3A6675-1536x1024.jpg 1536w, https:\/\/www.koper.si\/wp-content\/uploads\/2021\/08\/1U3A6675-2048x1366.jpg 2048w\" sizes=\"auto, (max-width: 2200px) 100vw, 2200px\" \/><\/a>\n\t\t\t<\/div><\/figure><figure class='gallery-item'>\n\t\t\t<div class='gallery-icon landscape'>\n\t\t\t\t<a data-fancybox=\"gallery-87876\" data-caption=\"\" href='https:\/\/www.koper.si\/wp-content\/uploads\/2021\/08\/1U3A6808.jpg'><img loading=\"lazy\" decoding=\"async\" width=\"2200\" height=\"1467\" src=\"https:\/\/www.koper.si\/wp-content\/uploads\/2021\/08\/1U3A6808.jpg\" class=\"attachment-full size-full\" alt=\"\" srcset=\"https:\/\/www.koper.si\/wp-content\/uploads\/2021\/08\/1U3A6808.jpg 2200w, https:\/\/www.koper.si\/wp-content\/uploads\/2021\/08\/1U3A6808-768x512.jpg 768w, https:\/\/www.koper.si\/wp-content\/uploads\/2021\/08\/1U3A6808-1536x1024.jpg 1536w, https:\/\/www.koper.si\/wp-content\/uploads\/2021\/08\/1U3A6808-2048x1366.jpg 2048w\" sizes=\"auto, (max-width: 2200px) 100vw, 2200px\" \/><\/a>\n\t\t\t<\/div><\/figure>\n\t\t<\/div>\n\n<p>Anche il Sindaco del Comune citt\u00e0 di Capodistria <strong>Ale\u0161 Br\u017ean <\/strong>ha partecipato al ricevimento ufficiale, organizzato dall\u2019<strong>Unione sportiva di Capodistria <\/strong>e dal <strong>Comune citt\u00e0 di Capodistria. <\/strong>Il Sindaco ha ringraziato gli sportivi per gli ottimi risultati e successi che ci hanno rallegrato le ultime settimane. <em>\u201cL\u2019evento di oggi \u00e8 un ringraziamento per tutti i vostri successi e un omaggio a tutti voi, perch\u00e9 siete la nostra fonte di speranza. Continuate sul vostro cammino sportivo. Capodistria vi star\u00e0 a fianco e vi supporter\u00e0, insieme incoraggeremo le giovani generazioni a continuare sui vostri passi,\u201d<\/em> ha detto.<\/p>\n<p>Lo sport \u00e8 molto di pi\u00f9 che competizione, soprattutto in questi tempi difficili. Gli sportivi hanno infatti unito la Slovenia intera e ci hanno distratto per tre settimane dallo spirito sconforto che ci circonda da tanto tempo ormai.<\/p>\n","protected":false},"excerpt":{"rendered":"<p>Ieri Capodistria \u00e8 stata travolta dallo spirito sportivo e dall\u2019allegria per ricevere i campioni olimpici capodistriani che hanno scritto un nuovo capitolo nella storia dello sport sloveno con i loro risultati nel Paese del sol levante. Numerosi amanti dello sport hanno dato il benvenuto a Vlatko \u010can\u010dar, Gregor Hrovat, \u0160pela Ponomarenko Jani\u010d, Tina Mrak e<\/p>\n","protected":false},"author":17,"featured_media":87870,"comment_status":"open","ping_status":"open","sticky":false,"template":"","format":"standard","meta":{"_acf_changed":false,"inline_featured_image":false,"footnotes":""},"categories":[282],"tags":[],"class_list":["post-87876","post","type-post","status-publish","format-standard","has-post-thumbnail","hentry","category-generale"],"acf":[],"_links":{"self":[{"href":"https:\/\/www.koper.si\/it\/wp-json\/wp\/v2\/posts\/87876","targetHints":{"allow":["GET"]}}],"collection":[{"href":"https:\/\/www.koper.si\/it\/wp-json\/wp\/v2\/posts"}],"about":[{"href":"https:\/\/www.koper.si\/it\/wp-json\/wp\/v2\/types\/post"}],"author":[{"embeddable":true,"href":"https:\/\/www.koper.si\/it\/wp-json\/wp\/v2\/users\/17"}],"replies":[{"embeddable":true,"href":"https:\/\/www.koper.si\/it\/wp-json\/wp\/v2\/comments?post=87876"}],"version-history":[{"count":1,"href":"https:\/\/www.koper.si\/it\/wp-json\/wp\/v2\/posts\/87876\/revisions"}],"predecessor-version":[{"id":87877,"href":"https:\/\/www.koper.si\/it\/wp-json\/wp\/v2\/posts\/87876\/revisions\/87877"}],"wp:featuredmedia":[{"embeddable":true,"href":"https:\/\/www.koper.si\/it\/wp-json\/wp\/v2\/media\/87870"}],"wp:attachment":[{"href":"https:\/\/www.koper.si\/it\/wp-json\/wp\/v2\/media?parent=87876"}],"wp:term":[{"taxonomy":"category","embeddable":true,"href":"https:\/\/www.koper.si\/it\/wp-json\/wp\/v2\/categories?post=87876"},{"taxonomy":"post_tag","embeddable":true,"href":"https:\/\/www.koper.si\/it\/wp-json\/wp\/v2\/tags?post=87876"}],"curies":[{"name":"wp","href":"https:\/\/api.w.org\/{rel}","templated":true}]}}