{"id":88005,"date":"2021-08-19T09:22:54","date_gmt":"2021-08-19T07:22:54","guid":{"rendered":"https:\/\/www.koper.si\/?p=88005"},"modified":"2021-08-20T09:33:32","modified_gmt":"2021-08-20T07:33:32","slug":"__trashed","status":"publish","type":"post","link":"https:\/\/www.koper.si\/it\/__trashed\/","title":{"rendered":"Nove immobili comunali all&#8217;asta pubblica"},"content":{"rendered":"<p>L&#8217;elenco degli immobili all\u2019asta, per i quali il comune potrebbe acquisire poco pi\u00f9 di 640 mila euro, comprende anche un insieme di tre immobili nell&#8217;abitato di Mi\u0161i presso Dekani, con una superficie complessiva di 765 mq. La base d\u2019asta \u00e8 di 55.953 euro. Sempre a Dekani \u00e8 in vendita, con base d\u2019asta pari a 69.806 euro, anche una parte di compropriet\u00e0 di terreno (fino a 1\/6) della superfice di 3.757 mq. Il terreno si trova nell&#8217;area destinata alle attivit\u00e0 produttive.<\/p>\n<p>Indubbiamente, l&#8217;interesse degli acquirenti sar\u00e0 molto grande per il terreno di 936 mq non edificato a Crevatini, la cui base d\u2019asta ammonta a 216.552 euro. Due unit\u00e0 immobiliari sono in vendita anche a \u0160kofije. La prima, delle dimensioni di 445 mq, \u00e8 in vendita al prezzo di 55.283 euro, mentre la seconda, con una superficie di 757 mq, \u00e8 valutata a 88.165 euro.<\/p>\n<p>All&#8217;asta sar\u00e0 in vendita anche un immobile di 251 mq nell&#8217;abitato di Ro\u017ear, con prezzo di partenza di 76.482 euro nonch\u00e9 un terreno a terrazze con vista sulla valle di Vanganel di 221 mq, per il quale il comune ha posto come base d\u2019asta 16.202 euro. Sono oggetto dell&#8217;asta pubblica anche un terreno di 280 mq a Giusterna, per il quale il comune cercher\u00e0 di ottenere almeno 30.800 euro, e un terreno di 333 mq a Semedella che comprende un edificio fatiscente e il cui prezzo base \u00e8 di 33.712 euro.<\/p>\n<p>I prezzi di partenza non includono l&#8217;imposta sul valore aggiunto ossia l&#8217;imposta sul passaggio di propriet\u00e0. L&#8217;elenco completo degli immobili che il comune vender\u00e0 all&#8217;asta pubblica, insieme alle informazioni riguardanti le dimensioni, i prezzi e le caratteristiche dei beni, \u00e8 disponibile <strong><u>online<\/u><\/strong>.<\/p>\n","protected":false},"excerpt":{"rendered":"<p>All&#8217;asta immobiliare pubblica di settembre, il Comune citt\u00e0 di Capodistria sar\u00e0 alla ricerca di acquirenti per nove immobili o unit\u00e0 immobiliari, di cui alcuni si trovano negli insediamenti extraurbani nel cuore della campagna istriana e sono parte integrante parte dello splendido paesaggio istriano. Gli immobili vantano, tra le altre cose, l&#8217;accesso e una bellissima vista<\/p>\n","protected":false},"author":13,"featured_media":88002,"comment_status":"open","ping_status":"open","sticky":false,"template":"","format":"standard","meta":{"_acf_changed":false,"inline_featured_image":false,"footnotes":""},"categories":[282],"tags":[],"class_list":["post-88005","post","type-post","status-publish","format-standard","has-post-thumbnail","hentry","category-generale"],"acf":[],"_links":{"self":[{"href":"https:\/\/www.koper.si\/it\/wp-json\/wp\/v2\/posts\/88005","targetHints":{"allow":["GET"]}}],"collection":[{"href":"https:\/\/www.koper.si\/it\/wp-json\/wp\/v2\/posts"}],"about":[{"href":"https:\/\/www.koper.si\/it\/wp-json\/wp\/v2\/types\/post"}],"author":[{"embeddable":true,"href":"https:\/\/www.koper.si\/it\/wp-json\/wp\/v2\/users\/13"}],"replies":[{"embeddable":true,"href":"https:\/\/www.koper.si\/it\/wp-json\/wp\/v2\/comments?post=88005"}],"version-history":[{"count":1,"href":"https:\/\/www.koper.si\/it\/wp-json\/wp\/v2\/posts\/88005\/revisions"}],"predecessor-version":[{"id":88008,"href":"https:\/\/www.koper.si\/it\/wp-json\/wp\/v2\/posts\/88005\/revisions\/88008"}],"wp:featuredmedia":[{"embeddable":true,"href":"https:\/\/www.koper.si\/it\/wp-json\/wp\/v2\/media\/88002"}],"wp:attachment":[{"href":"https:\/\/www.koper.si\/it\/wp-json\/wp\/v2\/media?parent=88005"}],"wp:term":[{"taxonomy":"category","embeddable":true,"href":"https:\/\/www.koper.si\/it\/wp-json\/wp\/v2\/categories?post=88005"},{"taxonomy":"post_tag","embeddable":true,"href":"https:\/\/www.koper.si\/it\/wp-json\/wp\/v2\/tags?post=88005"}],"curies":[{"name":"wp","href":"https:\/\/api.w.org\/{rel}","templated":true}]}}