{"id":88020,"date":"2021-08-20T10:58:46","date_gmt":"2021-08-20T08:58:46","guid":{"rendered":"https:\/\/www.koper.si\/?p=88020"},"modified":"2021-08-23T10:59:17","modified_gmt":"2021-08-23T08:59:17","slug":"le-unita-mobili-di-vaccinazione-saranno-attive-anche-la-prossima-settimana","status":"publish","type":"post","link":"https:\/\/www.koper.si\/it\/le-unita-mobili-di-vaccinazione-saranno-attive-anche-la-prossima-settimana\/","title":{"rendered":"Le unit\u00e0 mobili di vaccinazione saranno attive anche la prossima settimana"},"content":{"rendered":"<p>Affinch\u00e9 tutti coloro che non hanno ancora deciso di vaccinarsi possano accedere al vaccino il pi\u00f9 facilmente possibile, la Casa della sanit\u00e0 di Capodistria continuer\u00e0 l\u2019attivit\u00e0 di vaccinazione anti Covid-19 con le proprie unit\u00e0 mobili anche la prossima settimana. Mercoled\u00ec, 25 agosto, l\u2019unit\u00e0 mobile di vaccinazione sar\u00e0 presente davanti all&#8217;ufficio postale di \u010crni Kal dalle 15:00 alle 16:00, davanti alla chiesa nel centro di \u0160kofije dalle 16:30 alle 17:30 e nel parcheggio davanti al supermercato Mercator di Monte San Marco dalle 18:00 alle 19:00. Saranno disponibili i vaccini Pfizer e Janssen. Gli interessati dovranno esibire la propria tessera sanitaria.<\/p>\n<p>La Casa della sanit\u00e0 continuer\u00e0 anche l\u2019attivit\u00e0 di vaccinazione delle persone maggiorenni senza prenotazione. Marted\u00ec, 24 agosto, dalle ore 14:30 alle ore 16.30, sar\u00e0 possibile vaccinarsi con il vaccino Pfizer, mentre dalle ore 16:30 alle ore 18:00 sar\u00e0 a disposizione il vaccino Janssen. La vaccinazione, aperta a tutti e non solo ai residenti del Comune citt\u00e0 di Capodistria, si svolger\u00e0 presso la Casa della sanit\u00e0 di Capodistria, in Via Luciano Dellavalle 3.<\/p>\n<p>A causa della poca disponibilit\u00e0 di parcheggi in Piazzale Pier Paolo Vergerio (presso la CS di Capodistria) e in Piazza Brolo, il Comune citt\u00e0 di Capodistria consiglia agli interessati di parcheggiare i propri veicoli nel nuovo Garage Belvedere. La prima ora di parcheggio \u00e8 gratuita, il prezzo di ogni ora successiva \u00e8 invece di un euro<\/p>\n","protected":false},"excerpt":{"rendered":"<p>La Casa della sanit\u00e0 di Capodistria continuer\u00e0 l\u2019attivit\u00e0 di vaccinazione con le proprie unit\u00e0 mobili anche la prossima settimana. Le vaccinazioni si effettueranno mercoled\u00ec, 25 agosto, nelle comunit\u00e0 locali di \u010crni Kal, \u0160kofije e Al Castelletto.<\/p>\n","protected":false},"author":13,"featured_media":86552,"comment_status":"open","ping_status":"open","sticky":false,"template":"","format":"standard","meta":{"_acf_changed":false,"inline_featured_image":false,"footnotes":""},"categories":[282,288],"tags":[],"class_list":["post-88020","post","type-post","status-publish","format-standard","has-post-thumbnail","hentry","category-generale","category-covid-19-it"],"acf":[],"_links":{"self":[{"href":"https:\/\/www.koper.si\/it\/wp-json\/wp\/v2\/posts\/88020","targetHints":{"allow":["GET"]}}],"collection":[{"href":"https:\/\/www.koper.si\/it\/wp-json\/wp\/v2\/posts"}],"about":[{"href":"https:\/\/www.koper.si\/it\/wp-json\/wp\/v2\/types\/post"}],"author":[{"embeddable":true,"href":"https:\/\/www.koper.si\/it\/wp-json\/wp\/v2\/users\/13"}],"replies":[{"embeddable":true,"href":"https:\/\/www.koper.si\/it\/wp-json\/wp\/v2\/comments?post=88020"}],"version-history":[{"count":1,"href":"https:\/\/www.koper.si\/it\/wp-json\/wp\/v2\/posts\/88020\/revisions"}],"predecessor-version":[{"id":88021,"href":"https:\/\/www.koper.si\/it\/wp-json\/wp\/v2\/posts\/88020\/revisions\/88021"}],"wp:featuredmedia":[{"embeddable":true,"href":"https:\/\/www.koper.si\/it\/wp-json\/wp\/v2\/media\/86552"}],"wp:attachment":[{"href":"https:\/\/www.koper.si\/it\/wp-json\/wp\/v2\/media?parent=88020"}],"wp:term":[{"taxonomy":"category","embeddable":true,"href":"https:\/\/www.koper.si\/it\/wp-json\/wp\/v2\/categories?post=88020"},{"taxonomy":"post_tag","embeddable":true,"href":"https:\/\/www.koper.si\/it\/wp-json\/wp\/v2\/tags?post=88020"}],"curies":[{"name":"wp","href":"https:\/\/api.w.org\/{rel}","templated":true}]}}