{"id":88033,"date":"2021-08-24T14:48:08","date_gmt":"2021-08-24T12:48:08","guid":{"rendered":"https:\/\/www.koper.si\/?p=88033"},"modified":"2021-08-24T14:48:08","modified_gmt":"2021-08-24T12:48:08","slug":"numerosi-eventi-fino-alla-fine-di-agosto","status":"publish","type":"post","link":"https:\/\/www.koper.si\/it\/numerosi-eventi-fino-alla-fine-di-agosto\/","title":{"rendered":"Numerosi eventi fino alla fine di agosto"},"content":{"rendered":"<p>Al concerto odierno di Iztok Mlakar nel ridotto del Teatro di Capodistria seguir\u00e0 domani, 24 agosto, con inizio alle 21:00, l&#8217;esibizione dei gruppi <strong>Trokut<\/strong> e <strong>Sayuga<\/strong>, che si esibiranno nell&#8217;atrio della Facolt\u00e0 di studi umanistici nell&#8217;ambito del <strong>festival<\/strong> <strong>JEFF<\/strong>. Il festival si concluder\u00e0 venerd\u00ec 27 agosto alle 21:00 con l&#8217;esibizione di <strong>Veja<\/strong> e <strong>\u010compe<\/strong>.<\/p>\n<p>Mercoled\u00ec 25 agosto, alle 18:00, si terr\u00e0 presso il Palazzo Gravisi-Buttorai una <strong>tavola<\/strong> <strong>rotonda<\/strong> sul tema della <strong>Scultura nello spazio pubblico<\/strong>. Il dibattito pubblico, al quale parteciperanno ospiti illustri e sar\u00e0 moderato dalla giornalista di Radio Koper <strong>Neva<\/strong> <strong>Zajc<\/strong>, \u00e8 organizzato nell&#8217;ambito del Salone di maggio 2021 dalla Federazione delle Associazioni degli artisti sloveni, dal Comune citt\u00e0 di Capodistria e dalla Comunit\u00e0 degli Italiani Santorio Santorio di Capodistria.<\/p>\n<p>Gioved\u00ec, 26 agosto alle 20:30, l\u2019Associazione Tomos organizzer\u00e0 in Piazza Carpaccio l\u2019evento musicale <strong>Od \u010crnega kala dol<\/strong>, che vedr\u00e0 l\u2019esibizione del gruppo <strong>Stevo Vuji\u0107 band<\/strong>. L\u2019Associazione per lo sport, la cultura e lo sviluppo del paese Skala di Kubed invita tutti a Kubed, dove il gruppo Why not si esibir\u00e0 alle ore 21:00 nell\u2019ambito dell\u2019evento <strong>\u010cubed<\/strong> <strong>pod<\/strong> <strong>borovci<\/strong>.<\/p>\n<p>Venerd\u00ec 27 agosto, tra le 18:00 e le 22:00, il Festival Estivo del Litorale ospiter\u00e0 nella Taverna (ex Magazzino del sale) il <strong>Festival degli artisti di strada \u2013 Frivolus,<\/strong> che offrir\u00e0 anche laboratori di hola hoop per tutte le et\u00e0. Ulteriori informazioni sul programma del festival sono disponibili sul sito <a href=\"http:\/\/www.primorskifestival.si\" target=\"_blank\" rel=\"noopener\">www.primorskifestival.si<\/a>.<\/p>\n<p>Sabato, 28 agosto, alle 19:30, avr\u00e0 luogo davanti alla scuola di Ko\u0161tabona la celebrazione ufficiale del 25\u00b0 anniversario dell&#8217;<strong>Associazione culturale Alojz Kocjan\u010di\u010d<\/strong>. Mentre alle 21:00 il trio <strong>Goran Rukavina <\/strong>si esibir\u00e0 nella Taverna (ex Magazzino del sale).<\/p>\n<p>Maggiori informazioni sugli eventi che arricchiranno le serate estive a Capodistria e nei suoi dintorni su: https:\/\/visitkoper.si\/it\/eventi\/.<\/p>\n","protected":false},"excerpt":{"rendered":"<p>Le serate estive a Capodistria e nei suoi dintorni continuano anche questa settimana con un calendario ricco di eventi musicali e culturali adatti a tutte le et\u00e0. Gi\u00e0 stasera, il Festival Estivo del Litorale ospiter\u00e0 Iztok Mlakar, che si esibir\u00e0 alle 20:30 nel ridotto del Teatro di Capodistria. Marted\u00ec sar\u00e0 invece la volta dell&#8217;Orchestra da<\/p>\n","protected":false},"author":2,"featured_media":88025,"comment_status":"open","ping_status":"open","sticky":false,"template":"","format":"standard","meta":{"_acf_changed":false,"inline_featured_image":false,"footnotes":""},"categories":[282],"tags":[],"class_list":["post-88033","post","type-post","status-publish","format-standard","has-post-thumbnail","hentry","category-generale"],"acf":[],"_links":{"self":[{"href":"https:\/\/www.koper.si\/it\/wp-json\/wp\/v2\/posts\/88033","targetHints":{"allow":["GET"]}}],"collection":[{"href":"https:\/\/www.koper.si\/it\/wp-json\/wp\/v2\/posts"}],"about":[{"href":"https:\/\/www.koper.si\/it\/wp-json\/wp\/v2\/types\/post"}],"author":[{"embeddable":true,"href":"https:\/\/www.koper.si\/it\/wp-json\/wp\/v2\/users\/2"}],"replies":[{"embeddable":true,"href":"https:\/\/www.koper.si\/it\/wp-json\/wp\/v2\/comments?post=88033"}],"version-history":[{"count":1,"href":"https:\/\/www.koper.si\/it\/wp-json\/wp\/v2\/posts\/88033\/revisions"}],"predecessor-version":[{"id":88034,"href":"https:\/\/www.koper.si\/it\/wp-json\/wp\/v2\/posts\/88033\/revisions\/88034"}],"wp:featuredmedia":[{"embeddable":true,"href":"https:\/\/www.koper.si\/it\/wp-json\/wp\/v2\/media\/88025"}],"wp:attachment":[{"href":"https:\/\/www.koper.si\/it\/wp-json\/wp\/v2\/media?parent=88033"}],"wp:term":[{"taxonomy":"category","embeddable":true,"href":"https:\/\/www.koper.si\/it\/wp-json\/wp\/v2\/categories?post=88033"},{"taxonomy":"post_tag","embeddable":true,"href":"https:\/\/www.koper.si\/it\/wp-json\/wp\/v2\/tags?post=88033"}],"curies":[{"name":"wp","href":"https:\/\/api.w.org\/{rel}","templated":true}]}}