{"id":88187,"date":"2021-08-26T15:15:54","date_gmt":"2021-08-26T13:15:54","guid":{"rendered":"https:\/\/www.koper.si\/?p=88187"},"modified":"2021-08-31T08:52:46","modified_gmt":"2021-08-31T06:52:46","slug":"a-breve-linizio-dei-lavori-di-ampliamento-della-scuola-elementare-dusan-bordon","status":"publish","type":"post","link":"https:\/\/www.koper.si\/it\/a-breve-linizio-dei-lavori-di-ampliamento-della-scuola-elementare-dusan-bordon\/","title":{"rendered":"A breve l\u2019inizio dei lavori di ampliamento della Scuola elementare Du\u0161an Bordon"},"content":{"rendered":"<p>I lavori di costruzione sul prato adiacente alla scuola elementare Du\u0161an Bordon inizieranno molto probabilmente in autunno. I lavori dovrebbero concludersi entro l&#8217;estate, quando seguir\u00e0 la fase d&#8217;acquisto e dell&#8217;installazione degli arredamenti e dell&#8217;attrezzatura. Al momento \u00e8 aperto il bando di gara, disponibile cliccando <a href=\"https:\/\/www.koper.si\/public_tender\/javno-narocilo-prizidava-osnovne-sole-dusana-bordona-semedela-koper\/\">qui<\/a>, per la selezione della ditta appaltatrice. La scadenza per la presentazione delle domande \u00e8 il 31 agosto.<\/p>\n<p>Con l&#8217;ampliamento della scuola, il Comune citt\u00e0 di Capodistria risolver\u00e0 la carenza di spazi della Scuola elementare Du\u0161an Bordon, in quanto essa otterr\u00e0 poco pi\u00f9 di 600 metri quadri di superfici aggiuntive, distribuiti su tre piani. Il pianoterra ospiter\u00e0 la nuova biblioteca, che avr\u00e0 accesso al terrazzo, e un ambulatorio dentistico con sala d&#8217;attesa, servizi igienici per i visitatori e i dipendenti nonch\u00e9 ulteriori locali. L&#8217;ambulatorio sar\u00e0 separato dalla scuola e vi si potr\u00e0 accedere dalla biblioteca oppure da Via della II Brigata d&#8217;Oltremare. Al primo e al secondo piano ci saranno, oltre ad alcuni vani adibiti a deposito, tre aule, una delle quali sar\u00e0 attrezzata per lo svolgimento delle lezioni di educazione domestica, e quattro uffici per gli insegnanti nonch\u00e9 i servizi igienici separati per maschi e femmine. L&#8217;investimento prevede anche la ristrutturazione parziale dell&#8217;edificio esistente e l&#8217;acquisto di attrezzatura di vario tipo.<\/p>\n<p>I nuovi spazi saranno completati entro l&#8217;inizio dell&#8217;anno scolastico 2022\/2023.<\/p>\n","protected":false},"excerpt":{"rendered":"<p>In base agli attuali piani, la costruzione dell&#8217;edificio di tre piani annesso all&#8217;esistente Scuola elementare Du\u0161an Bordon a Semedella dovrebbe iniziare nel mese di novembre. Il Comune citt\u00e0 di Capodistria ha infatti indetto a luglio il bando di gara per la selezione della ditta appaltatrice, il termine per la presentazione delle domande scade la prossima<\/p>\n","protected":false},"author":2,"featured_media":88108,"comment_status":"open","ping_status":"open","sticky":false,"template":"","format":"standard","meta":{"_acf_changed":false,"inline_featured_image":false,"footnotes":""},"categories":[282],"tags":[],"class_list":["post-88187","post","type-post","status-publish","format-standard","has-post-thumbnail","hentry","category-generale"],"acf":[],"_links":{"self":[{"href":"https:\/\/www.koper.si\/it\/wp-json\/wp\/v2\/posts\/88187","targetHints":{"allow":["GET"]}}],"collection":[{"href":"https:\/\/www.koper.si\/it\/wp-json\/wp\/v2\/posts"}],"about":[{"href":"https:\/\/www.koper.si\/it\/wp-json\/wp\/v2\/types\/post"}],"author":[{"embeddable":true,"href":"https:\/\/www.koper.si\/it\/wp-json\/wp\/v2\/users\/2"}],"replies":[{"embeddable":true,"href":"https:\/\/www.koper.si\/it\/wp-json\/wp\/v2\/comments?post=88187"}],"version-history":[{"count":1,"href":"https:\/\/www.koper.si\/it\/wp-json\/wp\/v2\/posts\/88187\/revisions"}],"predecessor-version":[{"id":88188,"href":"https:\/\/www.koper.si\/it\/wp-json\/wp\/v2\/posts\/88187\/revisions\/88188"}],"wp:featuredmedia":[{"embeddable":true,"href":"https:\/\/www.koper.si\/it\/wp-json\/wp\/v2\/media\/88108"}],"wp:attachment":[{"href":"https:\/\/www.koper.si\/it\/wp-json\/wp\/v2\/media?parent=88187"}],"wp:term":[{"taxonomy":"category","embeddable":true,"href":"https:\/\/www.koper.si\/it\/wp-json\/wp\/v2\/categories?post=88187"},{"taxonomy":"post_tag","embeddable":true,"href":"https:\/\/www.koper.si\/it\/wp-json\/wp\/v2\/tags?post=88187"}],"curies":[{"name":"wp","href":"https:\/\/api.w.org\/{rel}","templated":true}]}}