{"id":88345,"date":"2021-09-03T14:55:36","date_gmt":"2021-09-03T12:55:36","guid":{"rendered":"https:\/\/www.koper.si\/?p=88345"},"modified":"2021-09-06T13:47:22","modified_gmt":"2021-09-06T11:47:22","slug":"unita-mobili-di-vaccinazione-di-nuovo-sul-campo-nuovo-orario-di-prelievo-tamponi-a-skofije","status":"publish","type":"post","link":"https:\/\/www.koper.si\/it\/unita-mobili-di-vaccinazione-di-nuovo-sul-campo-nuovo-orario-di-prelievo-tamponi-a-skofije\/","title":{"rendered":"Unit\u00e0 mobili di vaccinazione di nuovo sul campo, nuovo orario di prelievo tamponi a \u0160kofije"},"content":{"rendered":"<p>Affinch\u00e9 tutti coloro che finora non hanno ancora deciso di vaccinarsi, possano accedere al vaccino, la prossima settimana la Casa della sanit\u00e0 di Capodistria organizzer\u00e0 la vaccinazione contro la malattia Covid-19 anche sul campo. Mercoled\u00ec, 8 settembre, l\u2019unit\u00e0 mobile di vaccinazione sar\u00e0 presente nel centro di Ancarano dalle ore 15 alle ore 16.30, di fronte al negozio a Dekani, dalle ore 17 alle ore 18, e presso la Casa della cooperativa di Pobegi alle ore 18.30. In caso di pioggia a Dekani la vaccinazione avr\u00e0 luogo nel palazzetto dello sport, a Pobegi invece nella Casa della cooperativa.<\/p>\n<p>Sono a disposizione i vaccini della Pfizer e della Janssen; coloro che vogliono vaccinarsi devono avere con s\u00e9 la tessera sanitaria.<\/p>\n<p>La prossima settimana la Casa della sanit\u00e0 continuer\u00e0 con la vaccinazione senza appuntamento. Marted\u00ec 7 agosto dalle ore 14.30 alle ore 16.30 ci si potr\u00e0 vaccinare con il vaccino della Pfizer, dalle ore 16.30 alle ore 18 invece con il vaccino della Janssen. La vaccinazione senza appuntamento \u00e8 dedicata a tutti, non solamente alle cittadine e ai cittadini del comune di Capodistria e avr\u00e0 luogo presso la Casa della sanit\u00e0 di Capodistria all\u2019indirizzo Via Antonio Dellavalle n. 3.<\/p>\n<p><strong>Nuovo orario di prelievo tamponi a \u0160kofije<\/strong><\/p>\n<p>Da oggi cambia l\u2019orario del prelievo tamponi rapidi per coloro che attraversano quotidianamente il confine con l\u2019Italia. A \u0160kofije, al parcheggio presso il valico di frontiera con l\u2019Italia, i tamponi rapidi antigenici verranno prelevati tutti i marted\u00ec dalle ore 14 alle ore 18, i gioved\u00ec dalle ore 8 alle ore 12 e venerd\u00ec dalle ore 12 alle ore 17.<\/p>\n<p>Ulteriori informazioni sulla <a href=\"https:\/\/www.gov.si\/novice\/2021-09-02-s-3-septembrom-2021-spremenjen-urnik-testiranja-na-kontrolnih-tockah-z-italijo\/\" target=\"_blank\" rel=\"noopener\">pagina web dell\u2019Ufficio del Governo per gli Sloveni oltreconfine e nel mondo<\/a>.<\/p>\n<p>&nbsp;<\/p>\n","protected":false},"excerpt":{"rendered":"<p>La Casa della sanit\u00e0 di Capodistria continua anche in settembre con la vaccinazione sul campo. Mercoled\u00ec, 8 settembre, ci si potr\u00e0 cos\u00ec vaccinare nel centro di Ancarano, Dekani e presso la Casa della cooperativa a Pobegi. Da oggi cambia l\u2019orario del prelievo tamponi rapidi al valico di frontiera di \u0160kofije.<\/p>\n","protected":false},"author":2,"featured_media":87084,"comment_status":"open","ping_status":"open","sticky":false,"template":"","format":"standard","meta":{"_acf_changed":false,"inline_featured_image":false,"footnotes":""},"categories":[282,288],"tags":[],"class_list":["post-88345","post","type-post","status-publish","format-standard","has-post-thumbnail","hentry","category-generale","category-covid-19-it"],"acf":[],"_links":{"self":[{"href":"https:\/\/www.koper.si\/it\/wp-json\/wp\/v2\/posts\/88345","targetHints":{"allow":["GET"]}}],"collection":[{"href":"https:\/\/www.koper.si\/it\/wp-json\/wp\/v2\/posts"}],"about":[{"href":"https:\/\/www.koper.si\/it\/wp-json\/wp\/v2\/types\/post"}],"author":[{"embeddable":true,"href":"https:\/\/www.koper.si\/it\/wp-json\/wp\/v2\/users\/2"}],"replies":[{"embeddable":true,"href":"https:\/\/www.koper.si\/it\/wp-json\/wp\/v2\/comments?post=88345"}],"version-history":[{"count":1,"href":"https:\/\/www.koper.si\/it\/wp-json\/wp\/v2\/posts\/88345\/revisions"}],"predecessor-version":[{"id":88346,"href":"https:\/\/www.koper.si\/it\/wp-json\/wp\/v2\/posts\/88345\/revisions\/88346"}],"wp:featuredmedia":[{"embeddable":true,"href":"https:\/\/www.koper.si\/it\/wp-json\/wp\/v2\/media\/87084"}],"wp:attachment":[{"href":"https:\/\/www.koper.si\/it\/wp-json\/wp\/v2\/media?parent=88345"}],"wp:term":[{"taxonomy":"category","embeddable":true,"href":"https:\/\/www.koper.si\/it\/wp-json\/wp\/v2\/categories?post=88345"},{"taxonomy":"post_tag","embeddable":true,"href":"https:\/\/www.koper.si\/it\/wp-json\/wp\/v2\/tags?post=88345"}],"curies":[{"name":"wp","href":"https:\/\/api.w.org\/{rel}","templated":true}]}}