{"id":88494,"date":"2021-09-13T15:38:34","date_gmt":"2021-09-13T13:38:34","guid":{"rendered":"https:\/\/www.koper.si\/?p=88494"},"modified":"2021-09-14T15:39:15","modified_gmt":"2021-09-14T13:39:15","slug":"la-slovenia-e-e-rimarra-un-paese-marittimo","status":"publish","type":"post","link":"https:\/\/www.koper.si\/it\/la-slovenia-e-e-rimarra-un-paese-marittimo\/","title":{"rendered":"\u201cLa Slovenia \u00e8 e rimarr\u00e0 un Paese marittimo\u201d"},"content":{"rendered":"<p>La Risoluzione dell\u2019orientamento marittimo della Repubblica di Slovenia \u00e8 stata approvata con il desiderio di poter usufruire delle possibilit\u00e0 e dei vantaggi di uno Stato marittimo. Con il documento la Slovenia si \u00e8 impegnata ad avere una politica economica e di sviluppo con accento sull\u2019attivit\u00e0 marittima.<\/p>\n<p>Il ministro per le infrastrutture della RS <strong>Jernej Vrtovec <\/strong>ha ribadito l\u2019importanza dell\u2019inclusione della Slovenia nel traffico marittimo internazionale con accesso libero al mare per l\u2019economia slovena. Ha ricordato che il porto di Capodistria \u00e8 rimasto aperto nonostante l\u2019epidemia e le misure di protezione ed ha dimostrato ancora una volta di essere degno del nome \u201cfinestra slovena sul mondo\u201d: \u201c<em>La Slovenia \u00e8 e rimarr\u00e0 un Paese marittimo\u201d.<\/em><\/p>\n<p>Come la Sinfonia di Capodistria di due anni fa, le note della Piccola sinfonia di Capodistria hanno suonato in Piazza Tito e sul terrazzo del Caff\u00e8 della Loggia. L\u2019Orchestra da camera della Filarmonica slovena, la solita Eva-Nina Kozmus al flauto e dell\u2019Ensemble in residence dell\u2019Associazione amici della musica di Capodistria si sono uniti in un indimenticabile serata musicale che ha lasciato a bocca aperta il pubblico, ma anche numerosi residenti che hanno seguito l\u2019evento in lontananza. Il pubblico ha potuto godere delle composizioni di Vivaldi, Chaykovsky, Borodin e Toldr\u00e0, nonch\u00e9 della prima esecuzione di Last Dance della compositrice Nana Forte.<\/p>\n<p>Il Sindaco del Comune citt\u00e0 di Capodistria <strong>Ale\u0161 Br\u017ean<\/strong> ha espresso grande soddisfazione dell\u2019evento che dona nuova immagine a Capodistria. Il Presidente dell\u2019Amministrazione del porto di Capodistria <strong>Dimitrij Zadel, <\/strong>il direttore dell\u2019Amministrazione marittima della RS <strong>Jadran Klinec <\/strong>e la Presidente dell\u2019Associazione amici della musica di Capodistria <strong>Tatjana Hercog <\/strong>hanno assistito al concerto.<\/p>\n<p>L\u2019evento \u00e8 stato organizzato dal <strong>Ministero per le infrastrutture <\/strong>e dall\u2019<strong>Amministrazione marittima <\/strong>insieme al <strong>Comune citt\u00e0 di Capodistria, al Porto di Capodistria e all\u2019Associazione amici della musica.\u00a0 <\/strong><\/p>\n","protected":false},"excerpt":{"rendered":"<p>Sabato, 11 settembre, \u00e8 stato celebrato in Piazza Tito il 30\u00b0 anniversario dell\u2019approvazione della Risoluzione sull\u2019orientamento marittimo della Repubblica di Slovenia con la Piccola sinfonia di Capodistria. Il Paese ha approvato il documento nel 1991. Il ministro per le infrastrutture Jernej Vrtovec ha ricordato che gli orientamenti strategici della risoluzione rimangono l\u2019obiettivo prioritario del Paese<\/p>\n","protected":false},"author":17,"featured_media":88485,"comment_status":"open","ping_status":"open","sticky":false,"template":"","format":"standard","meta":{"_acf_changed":false,"inline_featured_image":false,"footnotes":""},"categories":[282],"tags":[],"class_list":["post-88494","post","type-post","status-publish","format-standard","has-post-thumbnail","hentry","category-generale"],"acf":[],"_links":{"self":[{"href":"https:\/\/www.koper.si\/it\/wp-json\/wp\/v2\/posts\/88494","targetHints":{"allow":["GET"]}}],"collection":[{"href":"https:\/\/www.koper.si\/it\/wp-json\/wp\/v2\/posts"}],"about":[{"href":"https:\/\/www.koper.si\/it\/wp-json\/wp\/v2\/types\/post"}],"author":[{"embeddable":true,"href":"https:\/\/www.koper.si\/it\/wp-json\/wp\/v2\/users\/17"}],"replies":[{"embeddable":true,"href":"https:\/\/www.koper.si\/it\/wp-json\/wp\/v2\/comments?post=88494"}],"version-history":[{"count":1,"href":"https:\/\/www.koper.si\/it\/wp-json\/wp\/v2\/posts\/88494\/revisions"}],"predecessor-version":[{"id":88495,"href":"https:\/\/www.koper.si\/it\/wp-json\/wp\/v2\/posts\/88494\/revisions\/88495"}],"wp:featuredmedia":[{"embeddable":true,"href":"https:\/\/www.koper.si\/it\/wp-json\/wp\/v2\/media\/88485"}],"wp:attachment":[{"href":"https:\/\/www.koper.si\/it\/wp-json\/wp\/v2\/media?parent=88494"}],"wp:term":[{"taxonomy":"category","embeddable":true,"href":"https:\/\/www.koper.si\/it\/wp-json\/wp\/v2\/categories?post=88494"},{"taxonomy":"post_tag","embeddable":true,"href":"https:\/\/www.koper.si\/it\/wp-json\/wp\/v2\/tags?post=88494"}],"curies":[{"name":"wp","href":"https:\/\/api.w.org\/{rel}","templated":true}]}}