{"id":88558,"date":"2021-09-15T16:45:32","date_gmt":"2021-09-15T14:45:32","guid":{"rendered":"https:\/\/www.koper.si\/?p=88558"},"modified":"2021-09-17T10:39:03","modified_gmt":"2021-09-17T08:39:03","slug":"vaccinazione-a-capodistria-anche-oggi-e-sabato","status":"publish","type":"post","link":"https:\/\/www.koper.si\/it\/vaccinazione-a-capodistria-anche-oggi-e-sabato\/","title":{"rendered":"Vaccinazione a Capodistria anche oggi e sabato"},"content":{"rendered":"<p>La vaccinazione senza appuntamento \u00e8 dedicata a tutti, non solamente alle cittadine e ai cittadini del comune di Capodistria, e si svolge presso la Casa della sanit\u00e0 di Capodistria (Via Luciano Dellavalle n. 3 a Capodistria). Oggi sar\u00e0 possibile vaccinarsi con il vaccino della Pfizer fino alle ore 18, sabato, 18 settembre, invece dalle ore 9 alle ore 16. Comunque, ci si pu\u00f2 vaccinare anche presso tutti i concessionari, ma bisogna prendere appuntamento.<\/p>\n<p>Il parcheggio in Piazzale Pier Paolo Vergerio (presso la CS di Capodistria) e in Piazza Brolo sono molto trafficati, per questo motivo al Comune citt\u00e0 di Capodistria consigliano agli utenti della Casa della sanit\u00e0 di Capodistria di parcheggiare i propri veicoli nel nuovo Garage Belvedere. La prima ora di parcheggio \u00e8 gratuita, ogni ora successiva invece costa un euro.<\/p>\n<p><strong>Oggi sono sul campo anche le unit\u00e0 mobili<\/strong><strong>\u00a0<\/strong><\/p>\n<p>Affinch\u00e9 tutti coloro che finora non hanno ancora deciso di vaccinarsi possano vaccinarsi, la prossima settimana la Casa della sanit\u00e0 di Capodistria organizzer\u00e0 la vaccinazione contro la malattia Covid-19 anche sul campo. Le unit\u00e0 mobili di vaccinazioni saranno presenti fino alle ore 17 nella Casa della cooperativa di Bertocchi (all\u2019entrata nella sala) e dalle ore 17:30 alle ore 19 a Vanganel (di fronte alla Casa della cooperativa). Sono a disposizione i vaccini della Pfizer e della Janssen; coloro che vogliono vaccinarsi devono avere con s\u00e9 la tessera sanitaria.<\/p>\n","protected":false},"excerpt":{"rendered":"<p>Vista la grande richiesta di vaccini, il Comune citt\u00e0 di Capodistria e la Casa della sanit\u00e0 di Capodistria hanno aggiunto due giorni di vaccinazione. La vaccinazione senza appuntamento \u00e8 in corso presso la Casa della sanit\u00e0 di Capodistria all\u2019indirizzo Via Luciano Dellavalle n. 3 oggi, dalle ore 14:30 alle ore 18, e sar\u00e0 possibile anche<\/p>\n","protected":false},"author":2,"featured_media":88452,"comment_status":"open","ping_status":"open","sticky":false,"template":"","format":"standard","meta":{"_acf_changed":false,"inline_featured_image":false,"footnotes":""},"categories":[282,288],"tags":[],"class_list":["post-88558","post","type-post","status-publish","format-standard","has-post-thumbnail","hentry","category-generale","category-covid-19-it"],"acf":[],"_links":{"self":[{"href":"https:\/\/www.koper.si\/it\/wp-json\/wp\/v2\/posts\/88558","targetHints":{"allow":["GET"]}}],"collection":[{"href":"https:\/\/www.koper.si\/it\/wp-json\/wp\/v2\/posts"}],"about":[{"href":"https:\/\/www.koper.si\/it\/wp-json\/wp\/v2\/types\/post"}],"author":[{"embeddable":true,"href":"https:\/\/www.koper.si\/it\/wp-json\/wp\/v2\/users\/2"}],"replies":[{"embeddable":true,"href":"https:\/\/www.koper.si\/it\/wp-json\/wp\/v2\/comments?post=88558"}],"version-history":[{"count":2,"href":"https:\/\/www.koper.si\/it\/wp-json\/wp\/v2\/posts\/88558\/revisions"}],"predecessor-version":[{"id":88560,"href":"https:\/\/www.koper.si\/it\/wp-json\/wp\/v2\/posts\/88558\/revisions\/88560"}],"wp:featuredmedia":[{"embeddable":true,"href":"https:\/\/www.koper.si\/it\/wp-json\/wp\/v2\/media\/88452"}],"wp:attachment":[{"href":"https:\/\/www.koper.si\/it\/wp-json\/wp\/v2\/media?parent=88558"}],"wp:term":[{"taxonomy":"category","embeddable":true,"href":"https:\/\/www.koper.si\/it\/wp-json\/wp\/v2\/categories?post=88558"},{"taxonomy":"post_tag","embeddable":true,"href":"https:\/\/www.koper.si\/it\/wp-json\/wp\/v2\/tags?post=88558"}],"curies":[{"name":"wp","href":"https:\/\/api.w.org\/{rel}","templated":true}]}}