{"id":88840,"date":"2021-09-29T14:26:39","date_gmt":"2021-09-29T12:26:39","guid":{"rendered":"https:\/\/www.koper.si\/?p=88840"},"modified":"2021-09-30T14:27:57","modified_gmt":"2021-09-30T12:27:57","slug":"abbiamo-piu-investimenti-di-quanti-il-settore-edile-ne-possa-realizzare","status":"publish","type":"post","link":"https:\/\/www.koper.si\/it\/abbiamo-piu-investimenti-di-quanti-il-settore-edile-ne-possa-realizzare\/","title":{"rendered":"\u201cAbbiamo pi\u00f9 investimenti, di quanti il settore edile ne possa realizzare\u201d\u00a0\u00a0"},"content":{"rendered":"<p><em>\u201cIl Comune citt\u00e0 di Capodistria si trova in una situazione abbastanza complicata, giuridicamente indeterminata, in cui qualsiasi deroga, anche completamente non intenzionata, dal principio di neutralit\u00e0, pu\u00f2 essere motivo di annullamento della votazione,\u201d <\/em>ha spiegato il Sindaco Ale\u0161 Br\u017ean. Nel mese di gennaio del 2018 nella questione \u201csecondo binario\u201d la Corte costituzionale ha rilevato che la Legge sul referendum e l\u2019iniziativa popolare e la Legge sulla campagna elettorale e referendaria non sono conformi alla Costituzione. Ai sensi di questa decisione e in base al fatto, che la campagna del Governo era al tempo unilaterale, il risultato del referendum \u00e8 stato annullato. Inoltre, la Corte costituzionale ha incaricato la Camera di Stato di eliminare detta incostituzionalit\u00e0 della legislazione nel termine di un anno. <strong>Siccome ci\u00f2 non \u00e8 successo, oggi il Comune non ha disposizioni di legge chiare su cosa \u00e8 permesso alle autorit\u00e0 nella campagna referendaria.<\/strong> Si sottolinea la richiesta di un rapporto neutrale, cosa che il Comune rispetta.<\/p>\n<p>Il Sindaco confida nella ragionevolezza dei cittadini e nella loro possibilit\u00e0 di decisione senza particolari metodi persuasivi e in base a fatti provati: \u201c<strong><em>L\u2019area del \u201cCentro urbano Barka\u201d, al quale si riferisce l\u2019iniziativa referendaria, \u00e8 di propriet\u00e0 privata, <\/em><\/strong><em>inoltre, l\u2019investitore ha acquisito e realizzato gi\u00e0 nel 2009 il permesso passato in giudicato per la costruzione in quest\u2019area di un quartiere residenziale e commerciale e del garage. Inoltre, il Parco centrale in natura non esiste, \u00e8 ancora in corso il contenzioso amministrativo sul fatto se nel mandato scorso il Comune citt\u00e0 di Capodistria abbia approvato in modo illecito il decreto sul Parco centrale di Capodistria.\u201d <\/em>Ha ricordato <strong>l\u2019accordo, stipulato dal comune di Capodistria con i proprietari dei terreni <\/strong>e la richiesta all\u2019investitore di garantire almeno il 40% di superfici verdi e di sistemare parchi con alberi e il collegamento pedonale tra il centro storico e la Riserva naturale di Val Stagnon, nonch\u00e9 <strong>la necessit\u00e0 di 2.823 alloggi nel Comune citt\u00e0 di Capodistria <\/strong>in base ai dati della ricerca dell\u2019Istituto urbanistico della Repubblica di Slovenia dell\u2019anno 2019.<\/p>\n<p>Il Sindaco ha presentato anche alcune novit\u00e0 riguardo gli investimenti e i progetti. Si sta concludendo <strong>l\u2019assetto del nuovo parco sovrastante il Garage Belvedere,<\/strong> dove il Comune ha piantato pi\u00f9 di 50 alberi di acero e bagolaro e pi\u00f9 di due mila arbusti; presto avr\u00e0 inizio anche l\u2019assetto dell\u2019area del parco costiero tra la foce del Cornalunga e Giusterna, gi\u00e0 in estate molto popolare tra i turisti e punto di ritrovo di diverse generazioni. Inoltre, il Comune ha intrapreso <strong>la costruzione della nuova scuola elementare a \u0160kofije, della nuova stazione degli autobus, del garage P+R Sonce, a breve ci sar\u00e0 anche la sistemazione della rete di smaltimento delle acque fognarie nell\u2019ambito del progetto Capodistria e Ancarano citt\u00e0 pulite, della copertura del mercato cittadino, della costruzione dell\u2019edificio annesso alla Scuola elementare Du\u0161an Bordon a Semedella <\/strong>e numerosi altri progetti. <em>\u201cLa Scuola elementare di Dekani avr\u00e0 presto una nuova e spaziosa cucina, abbiamo anche rinnovato il campo giochi scolastico a Marezige, \u00e8 in corso il rinnovo completo dell\u2019edificio obsoleto in Piazzale Pier Paolo Vergerio, dove ci sar\u00e0, oltre al centro diurno per le persone con difficolt\u00e0 di salute mentale \u0160entmar, anche il centro diurno per le persone di et\u00e0 superiore ai 65 anni della Casa costiera del Pensionato,\u201d <\/em>ha elencato i progetti Br\u017ean e ha confermato anche che la costruzione della caserma dei vigili del fuoco a Babi\u010di procede come previsto.<\/p>\n<p>Il Comune deve affrontare difficolt\u00e0 a causa della congestione del settore edilizio: <strong>\u201c<em>Al momento sono in atto e desideriamo portare a termine pi\u00f9 investimenti, di quanti il settore edile ne possa realizzare.\u201d<\/em><\/strong><em> Ci troviamo spesso in situazioni, in cui i nostri bandi di concorso si concludono senza richieste complete o le offerte sono drasticamente superiori al valore stimato delle opere edili.\u201d <\/em>Lo ha confermato anche <strong>Petar Ziraldo<\/strong>, dirigente del Servizio comunale per gli investimenti, che deve affrontare anche termini di consegna di materiali e attrezzature troppo lunghi e prezzi molto elevati di materie prime: \u201c<em>Nonostante ci\u00f2 ci impegniamo a mantenere la dinamica di sviluppo e a portare a termine gli investimenti\u201d.<\/em><\/p>\n","protected":false},"excerpt":{"rendered":"<p>Il nuovo parco nel centro della citt\u00e0, la scuola elementare a \u0160kofije, la nuova stazione degli autobus, il garage P+R Sonce, la caserma dei vigili del fuoco a Babi\u010di, la rete di smaltimento delle acque fognarie nell\u2019area di Bertocchi, \u0160kofije e Crevatini, nonch\u00e9 il restauro dell\u2019edificio in Piazzale Pier Paolo Vergerio sono solamente alcuni degli<\/p>\n","protected":false},"author":17,"featured_media":88822,"comment_status":"open","ping_status":"open","sticky":false,"template":"","format":"standard","meta":{"_acf_changed":false,"inline_featured_image":false,"footnotes":""},"categories":[282],"tags":[],"class_list":["post-88840","post","type-post","status-publish","format-standard","has-post-thumbnail","hentry","category-generale"],"acf":[],"_links":{"self":[{"href":"https:\/\/www.koper.si\/it\/wp-json\/wp\/v2\/posts\/88840","targetHints":{"allow":["GET"]}}],"collection":[{"href":"https:\/\/www.koper.si\/it\/wp-json\/wp\/v2\/posts"}],"about":[{"href":"https:\/\/www.koper.si\/it\/wp-json\/wp\/v2\/types\/post"}],"author":[{"embeddable":true,"href":"https:\/\/www.koper.si\/it\/wp-json\/wp\/v2\/users\/17"}],"replies":[{"embeddable":true,"href":"https:\/\/www.koper.si\/it\/wp-json\/wp\/v2\/comments?post=88840"}],"version-history":[{"count":2,"href":"https:\/\/www.koper.si\/it\/wp-json\/wp\/v2\/posts\/88840\/revisions"}],"predecessor-version":[{"id":88842,"href":"https:\/\/www.koper.si\/it\/wp-json\/wp\/v2\/posts\/88840\/revisions\/88842"}],"wp:featuredmedia":[{"embeddable":true,"href":"https:\/\/www.koper.si\/it\/wp-json\/wp\/v2\/media\/88822"}],"wp:attachment":[{"href":"https:\/\/www.koper.si\/it\/wp-json\/wp\/v2\/media?parent=88840"}],"wp:term":[{"taxonomy":"category","embeddable":true,"href":"https:\/\/www.koper.si\/it\/wp-json\/wp\/v2\/categories?post=88840"},{"taxonomy":"post_tag","embeddable":true,"href":"https:\/\/www.koper.si\/it\/wp-json\/wp\/v2\/tags?post=88840"}],"curies":[{"name":"wp","href":"https:\/\/api.w.org\/{rel}","templated":true}]}}