{"id":90986,"date":"2022-02-01T18:02:46","date_gmt":"2022-02-01T17:02:46","guid":{"rendered":"https:\/\/www.koper.si\/?p=90986"},"modified":"2022-02-02T18:07:03","modified_gmt":"2022-02-02T17:07:03","slug":"concluso-il-risanamento-della-scarpata-sotto-labitato-di-dilici","status":"publish","type":"post","link":"https:\/\/www.koper.si\/it\/concluso-il-risanamento-della-scarpata-sotto-labitato-di-dilici\/","title":{"rendered":"Concluso il risanamento della scarpata sotto l\u2019abitato di Dilici"},"content":{"rendered":"<p>In questi giorni si \u00e8 concluso il risanamento dello smottamento sotto l\u2019abitato di Dilici, dove uno smottamento causato dalle piogge torrenziali di dicembre di due anni fa aveva causato uno smottamento di terreno e massi sulla strada che attraversa la valle del fiume Dragogna. L\u2019esecutore dei lavori, l\u2019azienda edile EHO Projekt d.o.o. (S.r.l.) ha ripulito l\u2019area sotto la scarpata e ha sistemato gli accessi. Di seguito ha posizionato le recinzioni per trattenere i massi e proteggere la strada sottostante. Nell\u2019ambito dell\u2019investimento ha consolidato anche la scarpata sotto l\u2019abitato di Dilici e l\u2019ha protetta con un sistema di reti con ancoraggio al suolo.<\/p>\n<p>I lavori edili hanno avuto la durata di due mesi, il valore dell\u2019investimento, finanziato dal Comune dal fondo di riserva, ammonta a 330.000 euro.<\/p>\n<div id='gallery-1'  class='gallery galleryid-90986 gallery-columns-3 gallery-size-full'><figure class='gallery-item'>\n\t\t\t<div class='gallery-icon landscape'>\n\t\t\t\t<a data-fancybox=\"gallery-90986\" data-caption=\"\" href='https:\/\/www.koper.si\/wp-content\/uploads\/2022\/02\/DJI_0192-scaled.jpg'><img loading=\"lazy\" decoding=\"async\" width=\"2560\" height=\"1917\" src=\"https:\/\/www.koper.si\/wp-content\/uploads\/2022\/02\/DJI_0192-scaled.jpg\" class=\"attachment-full size-full\" alt=\"\" srcset=\"https:\/\/www.koper.si\/wp-content\/uploads\/2022\/02\/DJI_0192-scaled.jpg 2560w, https:\/\/www.koper.si\/wp-content\/uploads\/2022\/02\/DJI_0192-768x575.jpg 768w, https:\/\/www.koper.si\/wp-content\/uploads\/2022\/02\/DJI_0192-1536x1150.jpg 1536w, https:\/\/www.koper.si\/wp-content\/uploads\/2022\/02\/DJI_0192-2048x1533.jpg 2048w\" sizes=\"auto, (max-width: 2560px) 100vw, 2560px\" \/><\/a>\n\t\t\t<\/div><\/figure><figure class='gallery-item'>\n\t\t\t<div class='gallery-icon landscape'>\n\t\t\t\t<a data-fancybox=\"gallery-90986\" data-caption=\"\" href='https:\/\/www.koper.si\/wp-content\/uploads\/2022\/02\/DJI_0182-scaled.jpg'><img loading=\"lazy\" decoding=\"async\" width=\"2560\" height=\"1917\" src=\"https:\/\/www.koper.si\/wp-content\/uploads\/2022\/02\/DJI_0182-scaled.jpg\" class=\"attachment-full size-full\" alt=\"\" srcset=\"https:\/\/www.koper.si\/wp-content\/uploads\/2022\/02\/DJI_0182-scaled.jpg 2560w, https:\/\/www.koper.si\/wp-content\/uploads\/2022\/02\/DJI_0182-768x575.jpg 768w, https:\/\/www.koper.si\/wp-content\/uploads\/2022\/02\/DJI_0182-1536x1150.jpg 1536w, https:\/\/www.koper.si\/wp-content\/uploads\/2022\/02\/DJI_0182-2048x1533.jpg 2048w\" sizes=\"auto, (max-width: 2560px) 100vw, 2560px\" \/><\/a>\n\t\t\t<\/div><\/figure><figure class='gallery-item'>\n\t\t\t<div class='gallery-icon landscape'>\n\t\t\t\t<a data-fancybox=\"gallery-90986\" data-caption=\"\" href='https:\/\/www.koper.si\/wp-content\/uploads\/2022\/02\/DJI_0206-scaled.jpg'><img loading=\"lazy\" decoding=\"async\" width=\"2560\" height=\"1917\" src=\"https:\/\/www.koper.si\/wp-content\/uploads\/2022\/02\/DJI_0206-scaled.jpg\" class=\"attachment-full size-full\" alt=\"\" srcset=\"https:\/\/www.koper.si\/wp-content\/uploads\/2022\/02\/DJI_0206-scaled.jpg 2560w, https:\/\/www.koper.si\/wp-content\/uploads\/2022\/02\/DJI_0206-768x575.jpg 768w, https:\/\/www.koper.si\/wp-content\/uploads\/2022\/02\/DJI_0206-1536x1150.jpg 1536w, https:\/\/www.koper.si\/wp-content\/uploads\/2022\/02\/DJI_0206-2048x1533.jpg 2048w\" sizes=\"auto, (max-width: 2560px) 100vw, 2560px\" \/><\/a>\n\t\t\t<\/div><\/figure>\n\t\t<\/div>\n\n","protected":false},"excerpt":{"rendered":"<p>Alla fine dell\u2019anno scorso il Comune ha concluso la seconda fase del risanamento dello smottamento di terreno a Krnica, ora ha terminato anche il risanamento dello smottamento di massi sotto l\u2019abitato di Dilici, dove nel dicembre del 2020 erano caduti a valle diversi massi e avevano messo in pericolo la strada locale Babi\u010di\u2013\u017dupan\u010di\u010di. Nell\u2019ambito dell\u2019investimento<\/p>\n","protected":false},"author":17,"featured_media":90966,"comment_status":"closed","ping_status":"closed","sticky":false,"template":"","format":"standard","meta":{"_acf_changed":false,"inline_featured_image":false,"footnotes":""},"categories":[282],"tags":[],"class_list":["post-90986","post","type-post","status-publish","format-standard","has-post-thumbnail","hentry","category-generale"],"acf":[],"_links":{"self":[{"href":"https:\/\/www.koper.si\/it\/wp-json\/wp\/v2\/posts\/90986","targetHints":{"allow":["GET"]}}],"collection":[{"href":"https:\/\/www.koper.si\/it\/wp-json\/wp\/v2\/posts"}],"about":[{"href":"https:\/\/www.koper.si\/it\/wp-json\/wp\/v2\/types\/post"}],"author":[{"embeddable":true,"href":"https:\/\/www.koper.si\/it\/wp-json\/wp\/v2\/users\/17"}],"replies":[{"embeddable":true,"href":"https:\/\/www.koper.si\/it\/wp-json\/wp\/v2\/comments?post=90986"}],"version-history":[{"count":1,"href":"https:\/\/www.koper.si\/it\/wp-json\/wp\/v2\/posts\/90986\/revisions"}],"predecessor-version":[{"id":90987,"href":"https:\/\/www.koper.si\/it\/wp-json\/wp\/v2\/posts\/90986\/revisions\/90987"}],"wp:featuredmedia":[{"embeddable":true,"href":"https:\/\/www.koper.si\/it\/wp-json\/wp\/v2\/media\/90966"}],"wp:attachment":[{"href":"https:\/\/www.koper.si\/it\/wp-json\/wp\/v2\/media?parent=90986"}],"wp:term":[{"taxonomy":"category","embeddable":true,"href":"https:\/\/www.koper.si\/it\/wp-json\/wp\/v2\/categories?post=90986"},{"taxonomy":"post_tag","embeddable":true,"href":"https:\/\/www.koper.si\/it\/wp-json\/wp\/v2\/tags?post=90986"}],"curies":[{"name":"wp","href":"https:\/\/api.w.org\/{rel}","templated":true}]}}