{"id":91082,"date":"2022-02-10T09:56:08","date_gmt":"2022-02-10T08:56:08","guid":{"rendered":"https:\/\/www.koper.si\/?p=91082"},"modified":"2022-02-10T09:56:08","modified_gmt":"2022-02-10T08:56:08","slug":"annullato-il-dibattito-pubblico-del-prpc-skofije-di-mercoledi","status":"publish","type":"post","link":"https:\/\/www.koper.si\/it\/annullato-il-dibattito-pubblico-del-prpc-skofije-di-mercoledi\/","title":{"rendered":"Annullato il dibattito pubblico del PRPC \u0160kofije di mercoled\u00ec"},"content":{"rendered":"<p>I materiali della bozza integrata del PRCP per la sistemazione dell\u2019area di \u0160kofije \u00e8 reperibile al collegamento <a href=\"https:\/\/www.koper.si\/regulation\/obcinski-podrobni-prostorski-nacrt-za-ureditev-obmocja-skofije-17-p1-17-p2-17-p3-in-kc-25-p\/\">https:\/\/www.koper.si\/regulation\/obcinski-podrobni-prostorski-nacrt-za-ureditev-obmocja-skofije-17-p1-17-p2-17-p3-in-kc-25-p\/<\/a> e rimarranno esposti al pubblico dal 5 gennaio al 18 febbraio al pianterreno del Comune citt\u00e0 di Capodistria (Via Giuseppe Verdi n. 10) e nei locali della Comunit\u00e0 locale \u0160kofije (Spodnje \u0160kofije 54). Se necessario, il Comune prorogher\u00e0 il termine dell\u2019esposizione al pubblico.<\/p>\n","protected":false},"excerpt":{"rendered":"<p>Il dibattito pubblico del Piano regolatore particolareggiato comunale per l\u2019area di \u0160kofije (17-P#1, 17-P#2, 17-P#3 e KC-25-P#) si rinvia a una data successiva a causa di malattia. Il Comune citt\u00e0 di Capodistria comunicher\u00e0 la nuova data del dibattito successivamente. Il termine dell\u2019esposizione pubblica nell\u2019ambito della quale il pubblico pu\u00f2 presentare osservazioni e proposte non subisce<\/p>\n","protected":false},"author":17,"featured_media":91048,"comment_status":"closed","ping_status":"closed","sticky":false,"template":"","format":"standard","meta":{"_acf_changed":false,"inline_featured_image":false,"footnotes":""},"categories":[282,286],"tags":[],"class_list":["post-91082","post","type-post","status-publish","format-standard","has-post-thumbnail","hentry","category-generale","category-assetto-del-territorio"],"acf":[],"_links":{"self":[{"href":"https:\/\/www.koper.si\/it\/wp-json\/wp\/v2\/posts\/91082","targetHints":{"allow":["GET"]}}],"collection":[{"href":"https:\/\/www.koper.si\/it\/wp-json\/wp\/v2\/posts"}],"about":[{"href":"https:\/\/www.koper.si\/it\/wp-json\/wp\/v2\/types\/post"}],"author":[{"embeddable":true,"href":"https:\/\/www.koper.si\/it\/wp-json\/wp\/v2\/users\/17"}],"replies":[{"embeddable":true,"href":"https:\/\/www.koper.si\/it\/wp-json\/wp\/v2\/comments?post=91082"}],"version-history":[{"count":2,"href":"https:\/\/www.koper.si\/it\/wp-json\/wp\/v2\/posts\/91082\/revisions"}],"predecessor-version":[{"id":91084,"href":"https:\/\/www.koper.si\/it\/wp-json\/wp\/v2\/posts\/91082\/revisions\/91084"}],"wp:featuredmedia":[{"embeddable":true,"href":"https:\/\/www.koper.si\/it\/wp-json\/wp\/v2\/media\/91048"}],"wp:attachment":[{"href":"https:\/\/www.koper.si\/it\/wp-json\/wp\/v2\/media?parent=91082"}],"wp:term":[{"taxonomy":"category","embeddable":true,"href":"https:\/\/www.koper.si\/it\/wp-json\/wp\/v2\/categories?post=91082"},{"taxonomy":"post_tag","embeddable":true,"href":"https:\/\/www.koper.si\/it\/wp-json\/wp\/v2\/tags?post=91082"}],"curies":[{"name":"wp","href":"https:\/\/api.w.org\/{rel}","templated":true}]}}