{"id":91482,"date":"2022-02-15T09:59:26","date_gmt":"2022-02-15T08:59:26","guid":{"rendered":"https:\/\/www.koper.si\/?p=91482"},"modified":"2022-02-18T09:59:41","modified_gmt":"2022-02-18T08:59:41","slug":"il-sindaco-del-ccc-nuove-possibilita-di-sviluppo-del-comune-con-il-piano-regolatore-comunale","status":"publish","type":"post","link":"https:\/\/www.koper.si\/it\/il-sindaco-del-ccc-nuove-possibilita-di-sviluppo-del-comune-con-il-piano-regolatore-comunale\/","title":{"rendered":"Il Sindaco del CCC: \u201cNuove possibilit\u00e0 di sviluppo del comune con il Piano regolatore comunale\u201d"},"content":{"rendered":"<p><strong>Ieri, 14 febbraio, il Comune citt\u00e0 di Capodistria ha esposto al pubblico la bozza integrata del Piano regolatore comunale del Comune citt\u00e0 di Capodistria e la Relazione ambientale integrata per il PRC del Comune citt\u00e0 di Capodistria. Fino al 31 marzo il Comune organizzer\u00e0 vari dibattiti pubblici, il pubblico avr\u00e0 la possibilit\u00e0 di presentare le proprie osservazioni e proposte.<\/strong><\/p>\n<p>La bozza integrata del Piano regolatore comunale del Comune citt\u00e0 di Capodistria e la Relazione ambientale per il PRC del Comune citt\u00e0 di Capodistria con l\u2019Integrazione per la valutazione dell\u2019accettabilit\u00e0 dell\u2019impatto dell\u2019attuazione del piano sulle aree soggette a tutela rimarranno esposti fino al 31 marzo sulla <a href=\"https:\/\/www.koper.si\/obcina\/obcinski-prostorski-nacrt-mestne-obcine-koper\/javna-razgrnitev\/\">pagina web del Comune<\/a>, nell\u2019atrio del Comune citt\u00e0 di Capodistria e nei<a href=\"https:\/\/www.koper.si\/obcina\/obcinski-prostorski-nacrt-mestne-obcine-koper\/kako-lahko-sodelujem\/#termini\"> locali di tutte le comunit\u00e0 locali del Comune citt\u00e0 di Capodistria<\/a>.<\/p>\n<p>Oggi, alla conferenza stampa che si \u00e8 tenuta nel Palazzo Pretorio, il Sindaco del Comune citt\u00e0 di Capodistria ha sottolineato che il PRC non \u00e8 semplicemente un atto territoriale che modifica la destinazione d\u2019uso dei singoli terreni: <em>\u00abIl Piano regolatore comunale apre nuove possibilit\u00e0 di sviluppo dell\u2019intero comune e determina le aree pi\u00f9 estese con diverse potenzialit\u00e0. \u00c8 un dato di fatto che Capodistria rimarr\u00e0 un importante centro di trasporto e logistica di questa parte d\u2019Europa grazie alla sua ubicazione, tradizione, necessit\u00e0, conoscenze ed esperienze. La bozza del PRC prevede quindi un\u2019ulteriore sviluppo dell\u2019attivit\u00e0 portuale e delle attivit\u00e0 pertinenti.\u00bb <\/em>Il Comune vuole diventare una comunit\u00e0 responsabile in termini sociali e ambientali, basata sulle conoscenze: <em>\u00abDesideriamo diventare una comunit\u00e0 tecnologicamente avanzata, un centro turistico verde, un comune, in cui i terreni agricoli non rimarranno zone degradate, un comune con posti di lavoro che offre alle cittadine e ai cittadini la possibilit\u00e0 di creare una casa. Ma vogliamo soprattutto uno sviluppo che non dannegger\u00e0 il nostro ambiente, le fonti naturali, il patrimonio culturale e la salute delle persone.\u00bb<\/em><\/p>\n<p>Karla Jankovi\u010d dell\u2019ente Ljubljanski urbanisti\u010dni zavod, che ha redatto la bozza dell\u2019atto territoriale in collaborazione con l\u2019azienda Locus, ha spiegato che il Comune prevede l\u2019ampliamento dei terreni edificabili nella citt\u00e0 di Capodistria, a Bertocchi e a Prade. <em>\u00abIl Comune sfrutta nella citt\u00e0 di Capodistria superfici libere, utilizzate in modo non razionale e degradate, gli abitati di Bertocchi e Prade rappresentano invece un nuovo centro secondario, dove il Comune prevede sia superfici abitative e posti di lavoro per lo sviluppo aziendale come anche superfici a verde.\u00bb<\/em><\/p>\n<p>Come ha spiegato Alenksander Jenko dell\u2019azienda IPSUM, okoljske investicije d.o.o. (S.r.l.) che ha redatto la Relazione ambientale con l\u2019Integrazione per la valutazione dell\u2019accettabilit\u00e0 dell\u2019impatto dell\u2019attuazione del piano sulle aree soggette a tutela, si \u00e8 cercato di raggiungere uno sviluppo bilanciato del territorio: <em>\u00abIl compito della relazione ambientale \u00e8 fornire le linee guida per uno sviluppo territoriale bilanciato in considerazione degli obiettivi ambientali preposti sia dal Comune che dallo Stato ai sensi delle strategie, dei programmi nazionali e dei piani d\u2019azione. Grazie ad alcune misure di mitigazione inserite nel PRC l\u2019impatto ambientale del piano territoriale sar\u00e0 accettabile.\u00bb<\/em><\/p>\n<p><strong>Anche il pubblico partecipa al procedimento di stesura con le proprie osservazioni<\/strong><\/p>\n<p>Durante l\u2019esposizione pubblica del documento, fino al 31 marzo, il Comune organizzer\u00e0 15 dibattiti pubblici, il pubblico potr\u00e0 presentare le proprie osservazioni e proposte in merito ai materiali esposti. Si invita ad utilizzare <a href=\"https:\/\/koper.gisportal.si\/web\/?AspxAutoDetectCookieSupport=1\" target=\"_blank\" rel=\"noopener\">il portale web<\/a> per una pi\u00f9 facile visione dei contenuti grafici e per presentare le osservazioni in modo pi\u00f9 semplice. Il portale contiene una cartina interattiva con i contenuti grafici, facilita la ricerca e la presentazione delle osservazioni e delle proposte.<\/p>\n<p>&nbsp;<\/p>\n","protected":false},"excerpt":{"rendered":"<p>Ieri, 14 febbraio, il Comune citt\u00e0 di Capodistria ha esposto al pubblico la bozza integrata del Piano regolatore comunale del Comune citt\u00e0 di Capodistria e la Relazione ambientale integrata per il PRC del Comune citt\u00e0 di Capodistria. Fino al 31 marzo il Comune organizzer\u00e0 vari dibattiti pubblici, il pubblico avr\u00e0 la possibilit\u00e0 di presentare le<\/p>\n","protected":false},"author":16,"featured_media":91391,"comment_status":"closed","ping_status":"closed","sticky":false,"template":"","format":"standard","meta":{"_acf_changed":false,"inline_featured_image":false,"footnotes":""},"categories":[282,286],"tags":[],"class_list":["post-91482","post","type-post","status-publish","format-standard","has-post-thumbnail","hentry","category-generale","category-assetto-del-territorio"],"acf":[],"_links":{"self":[{"href":"https:\/\/www.koper.si\/it\/wp-json\/wp\/v2\/posts\/91482","targetHints":{"allow":["GET"]}}],"collection":[{"href":"https:\/\/www.koper.si\/it\/wp-json\/wp\/v2\/posts"}],"about":[{"href":"https:\/\/www.koper.si\/it\/wp-json\/wp\/v2\/types\/post"}],"author":[{"embeddable":true,"href":"https:\/\/www.koper.si\/it\/wp-json\/wp\/v2\/users\/16"}],"replies":[{"embeddable":true,"href":"https:\/\/www.koper.si\/it\/wp-json\/wp\/v2\/comments?post=91482"}],"version-history":[{"count":1,"href":"https:\/\/www.koper.si\/it\/wp-json\/wp\/v2\/posts\/91482\/revisions"}],"predecessor-version":[{"id":91483,"href":"https:\/\/www.koper.si\/it\/wp-json\/wp\/v2\/posts\/91482\/revisions\/91483"}],"wp:featuredmedia":[{"embeddable":true,"href":"https:\/\/www.koper.si\/it\/wp-json\/wp\/v2\/media\/91391"}],"wp:attachment":[{"href":"https:\/\/www.koper.si\/it\/wp-json\/wp\/v2\/media?parent=91482"}],"wp:term":[{"taxonomy":"category","embeddable":true,"href":"https:\/\/www.koper.si\/it\/wp-json\/wp\/v2\/categories?post=91482"},{"taxonomy":"post_tag","embeddable":true,"href":"https:\/\/www.koper.si\/it\/wp-json\/wp\/v2\/tags?post=91482"}],"curies":[{"name":"wp","href":"https:\/\/api.w.org\/{rel}","templated":true}]}}