{"id":91562,"date":"2022-02-23T10:50:19","date_gmt":"2022-02-23T09:50:19","guid":{"rendered":"https:\/\/www.koper.si\/?p=91562"},"modified":"2022-02-23T10:50:19","modified_gmt":"2022-02-23T09:50:19","slug":"a-monte-marco-risanata-gran-parte-della-scarpata","status":"publish","type":"post","link":"https:\/\/www.koper.si\/it\/a-monte-marco-risanata-gran-parte-della-scarpata\/","title":{"rendered":"A Monte Marco risanata gran parte della scarpata"},"content":{"rendered":"<p><strong>La scarpata dietro i palazzi n. 31 e 33 in Strada di Monte Marco \u00e8 stata risanata e munita di reti di protezione. Adesso tocca al terreno dietro il palazzo al numero civico 29, dove si abbasser\u00e0 la pendenza, eliminer\u00e0 il materiale in eccedenza e sistemer\u00e0 lo smaltimento delle acque meteoriche, quindi si protegger\u00e0 l\u2019area da ulteriori smottamenti. I lavori di risanamento si svolgono come previsto e verranno conclusi presumibilmente a met\u00e0 del mese di aprile.\u00a0 <\/strong><\/p>\n<p>Il risanamento completo della scarpata in Strada di Monte Marco, dalla quale si era staccato uno smottamento causato dalle piogge torrenziali nel 2020, \u00e8 iniziata nel mese di novembre dell\u2019anno scorso. Nell\u2019ambito dell\u2019investimento, eseguito dall\u2019azienda Rafael d.o.o. (S.r.l.), hanno ripulito il terreno, tagliato gli alberi e gli arbusti, sistemato la pendenza della scarpata e lo smaltimento delle acque meteoriche.<\/p>\n<p>Hanno abbassato la pendenza della scarpata, l\u2019hanno consolidata e protetta da ulteriori smottamenti. Nell\u2019area verranno piantati alberi e arbusti.<\/p>\n<p>I lavori avranno la durata di presumibilmente sei mesi, verranno conclusi a met\u00e0 del mese di aprile. Il valore dell\u2019investimento ammonta a 889.744,24 euro.<\/p>\n","protected":false},"excerpt":{"rendered":"<p>La scarpata dietro i palazzi n. 31 e 33 in Strada di Monte Marco \u00e8 stata risanata e munita di reti di protezione. Adesso tocca al terreno dietro il palazzo al numero civico 29, dove si abbasser\u00e0 la pendenza, eliminer\u00e0 il materiale in eccedenza e sistemer\u00e0 lo smaltimento delle acque meteoriche, quindi si protegger\u00e0 l\u2019area<\/p>\n","protected":false},"author":16,"featured_media":91549,"comment_status":"closed","ping_status":"closed","sticky":false,"template":"","format":"standard","meta":{"_acf_changed":false,"inline_featured_image":false,"footnotes":""},"categories":[282],"tags":[],"class_list":["post-91562","post","type-post","status-publish","format-standard","has-post-thumbnail","hentry","category-generale"],"acf":[],"_links":{"self":[{"href":"https:\/\/www.koper.si\/it\/wp-json\/wp\/v2\/posts\/91562","targetHints":{"allow":["GET"]}}],"collection":[{"href":"https:\/\/www.koper.si\/it\/wp-json\/wp\/v2\/posts"}],"about":[{"href":"https:\/\/www.koper.si\/it\/wp-json\/wp\/v2\/types\/post"}],"author":[{"embeddable":true,"href":"https:\/\/www.koper.si\/it\/wp-json\/wp\/v2\/users\/16"}],"replies":[{"embeddable":true,"href":"https:\/\/www.koper.si\/it\/wp-json\/wp\/v2\/comments?post=91562"}],"version-history":[{"count":1,"href":"https:\/\/www.koper.si\/it\/wp-json\/wp\/v2\/posts\/91562\/revisions"}],"predecessor-version":[{"id":91563,"href":"https:\/\/www.koper.si\/it\/wp-json\/wp\/v2\/posts\/91562\/revisions\/91563"}],"wp:featuredmedia":[{"embeddable":true,"href":"https:\/\/www.koper.si\/it\/wp-json\/wp\/v2\/media\/91549"}],"wp:attachment":[{"href":"https:\/\/www.koper.si\/it\/wp-json\/wp\/v2\/media?parent=91562"}],"wp:term":[{"taxonomy":"category","embeddable":true,"href":"https:\/\/www.koper.si\/it\/wp-json\/wp\/v2\/categories?post=91562"},{"taxonomy":"post_tag","embeddable":true,"href":"https:\/\/www.koper.si\/it\/wp-json\/wp\/v2\/tags?post=91562"}],"curies":[{"name":"wp","href":"https:\/\/api.w.org\/{rel}","templated":true}]}}