{"id":93640,"date":"2022-05-25T12:53:19","date_gmt":"2022-05-25T10:53:19","guid":{"rendered":"https:\/\/www.koper.si\/?p=93640"},"modified":"2022-05-27T12:55:08","modified_gmt":"2022-05-27T10:55:08","slug":"il-parco-del-museo-nel-cuore-di-capodistria","status":"publish","type":"post","link":"https:\/\/www.koper.si\/it\/il-parco-del-museo-nel-cuore-di-capodistria\/","title":{"rendered":"Il Parco del Museo nel cuore di Capodistria"},"content":{"rendered":"<p><strong>Nel cuore di Capodistria oggi il Comune citt\u00e0 di Capodistria ha inaugurato un nuovo parco cittadino, dedicato a diverse generazioni di utenti, uno spazio nuovo per socializzare, incontrarsi e rilassarsi. Il Parco del Museo vanta pi\u00f9 di 50 alberi e due mila arbusti, una fontana con illuminazione, cascate da parete e moderne attrezzature urbane.<\/strong><\/p>\n<p>Dopo la costruzione del garage \u00e8 iniziata la sistemazione del nuovo Parco del Museo tra la Via della Giovent\u00f9 e il Piazzale del Museo. Il Comune citt\u00e0 di Capodistria non solo tutela il proprio patrimonio, ma ne crea uno nuovo. Nella sistemazione del piazzale sovrastante il Garage Belvedere il Comune citt\u00e0 di Capodistria ha considerato i desideri dei residenti e, invece di nuove costruzioni, ha deciso di regalare un nuovo spazio verde alla citt\u00e0. Queste le parole del sindaco del Comune citt\u00e0 di Capodistria Ale\u0161 Br\u017ean: \u201cQuando quattro anni fa mi avete affidato la guida della nostra comunit\u00e0 locale, vi ho promesso di voler dare precedenza ai progetti di interesse pubblico, di dare priorit\u00e0 agli investimenti nella qualit\u00e0 di vita delle cittadine e dei cittadini. Ho promesso cambiamenti nella modalit\u00e0 di lavoro e di pensiero, e il Parco del Museo \u00e8 uno di quei cambiamenti, che forse riflette la trasformazione della nostra comunit\u00e0 locale. Oggi sappiamo che lo sviluppo della citt\u00e0 non si vede nell\u2019altezza dei grattacieli, ma nella superficie ed utilit\u00e0 delle superfici pubbliche.\u201d<\/p>\n<p>Il Parco del Museo, inaugurato oggi, \u00e8 dedicato a diverse generazioni di utenti per socializzare, incontrarsi e rilassarsi, come ha detto anche Br\u017ean: \u201cHo creduto nel potenziale di questa parte della citt\u00e0. Ho visto che pu\u00f2 e deve rimanere accessibile al pubblico. Ho visto uno spazio dedicato alla gente, per poter socializzare e rilassarsi, non per passarci in fretta. Ho visto uno spazio, dove le cittadine e i cittadini potranno incontrarsi. Non uno spazio solamente per rilassarsi, ma anche per varie attivit\u00e0, un vero e proprio soggiorno della citt\u00e0, come ci hanno presentato la propria idea gli autori del progetto del vicino studio Marasovic arhitekti. Gli architetti hanno infatti ideato un parco che non unisce solamente le persone e la natura, ma anche le persone tra di loro.\u201d<\/p>\n<p>Il nuovo parco cittadino \u00e8 ideato in modo da offrire un ambiente piacevole per diverse generazioni, offre infatti diverse attivit\u00e0; oggi si sono esibiti En Big Band, Obalni komorni orkester, la solista Kristina \u010cok e il direttore d\u2019orchestra Patrik Greblo, la Scuola di danza Fiona, Art studio Portoro\u017e, JK Soul e i presentatori Karin Sabadin ed Andrea F.<\/p>\n<p>Il Comune e gli architetti hanno considerato il contesto storico e hanno rispettato le richieste dell\u2019Ente per la tutela del patrimonio culturale. La maggior parte del parco \u00e8 inverdita e quindi ideale per stare in compagnia, rilassarsi dopo una lunga giornata di lavoro e per dedicarsi a diverse attivit\u00e0 del tempo libero. Il parco dispone di panchine in calcestruzzo bianco levigato e sedili in larice siberiano, anche le altre attrezzature urbane nel parco sono di materiali simili. Nel parco hanno trovato luogo anche giardiniere con diverse specie autoctone di alberi, arbusti e piante perenni, ideali al clima mediterraneo.<\/p>\n<p>Nella parte lastricata del parco si trova anche una fontana illuminata per diminuire i rumori del vicino porto, e tre cascate da parete, lungo i padiglioni di uscita dal garage. I segnali informativi spiegano la sistemazione e la destinazione d\u2019uso del luogo attraverso la storia.<\/p>\n<p>Il nuovo parco cittadino \u00e8 frutto dell\u2019ideazione dello studio architettonico Marasovic arhitekti, realizzata dall\u2019azienda CGP, d.d. (S.p.A.) di Novo mesto; il Comune citt\u00e0 di Capodistria ha dedicato all\u2019investimento circa 2,2 milioni di euro, IVA inclusa.<\/p>\n<p>&nbsp;<\/p>\n","protected":false},"excerpt":{"rendered":"<p>Nel cuore di Capodistria oggi il Comune citt\u00e0 di Capodistria ha inaugurato un nuovo parco cittadino, dedicato a diverse generazioni di utenti, uno spazio nuovo per socializzare, incontrarsi e rilassarsi. Il Parco del Museo vanta pi\u00f9 di 50 alberi e due mila arbusti, una fontana con illuminazione, cascate da parete e moderne attrezzature urbane. Dopo<\/p>\n","protected":false},"author":16,"featured_media":93641,"comment_status":"closed","ping_status":"closed","sticky":false,"template":"","format":"standard","meta":{"_acf_changed":false,"inline_featured_image":false,"footnotes":""},"categories":[282],"tags":[],"class_list":["post-93640","post","type-post","status-publish","format-standard","has-post-thumbnail","hentry","category-generale"],"acf":[],"_links":{"self":[{"href":"https:\/\/www.koper.si\/it\/wp-json\/wp\/v2\/posts\/93640","targetHints":{"allow":["GET"]}}],"collection":[{"href":"https:\/\/www.koper.si\/it\/wp-json\/wp\/v2\/posts"}],"about":[{"href":"https:\/\/www.koper.si\/it\/wp-json\/wp\/v2\/types\/post"}],"author":[{"embeddable":true,"href":"https:\/\/www.koper.si\/it\/wp-json\/wp\/v2\/users\/16"}],"replies":[{"embeddable":true,"href":"https:\/\/www.koper.si\/it\/wp-json\/wp\/v2\/comments?post=93640"}],"version-history":[{"count":1,"href":"https:\/\/www.koper.si\/it\/wp-json\/wp\/v2\/posts\/93640\/revisions"}],"predecessor-version":[{"id":93643,"href":"https:\/\/www.koper.si\/it\/wp-json\/wp\/v2\/posts\/93640\/revisions\/93643"}],"wp:featuredmedia":[{"embeddable":true,"href":"https:\/\/www.koper.si\/it\/wp-json\/wp\/v2\/media\/93641"}],"wp:attachment":[{"href":"https:\/\/www.koper.si\/it\/wp-json\/wp\/v2\/media?parent=93640"}],"wp:term":[{"taxonomy":"category","embeddable":true,"href":"https:\/\/www.koper.si\/it\/wp-json\/wp\/v2\/categories?post=93640"},{"taxonomy":"post_tag","embeddable":true,"href":"https:\/\/www.koper.si\/it\/wp-json\/wp\/v2\/tags?post=93640"}],"curies":[{"name":"wp","href":"https:\/\/api.w.org\/{rel}","templated":true}]}}