{"id":93949,"date":"2022-06-10T10:33:14","date_gmt":"2022-06-10T08:33:14","guid":{"rendered":"https:\/\/www.koper.si\/?p=93949"},"modified":"2022-06-10T11:40:03","modified_gmt":"2022-06-10T09:40:03","slug":"le-cittadine-e-i-cittadini-potranno-nuovamente-contribuire-alla-decisione-sul-consumo-dei-fondi-di-bilancio","status":"publish","type":"post","link":"https:\/\/www.koper.si\/it\/le-cittadine-e-i-cittadini-potranno-nuovamente-contribuire-alla-decisione-sul-consumo-dei-fondi-di-bilancio\/","title":{"rendered":"Le cittadine e i cittadini potranno nuovamente contribuire alla decisione sul consumo dei fondi di bilancio"},"content":{"rendered":"<p><strong>Gi\u00e0 prima dell\u2019estate il Comune citt\u00e0 di Capodistria inizier\u00e0 a realizzare il nuovo bilancio partecipativo per gli anni 2023 e 2024 con il progetto Propongo &#8211; decido. Le cittadine e i cittadini avranno cos\u00ec nuovamente la possibilit\u00e0 di presentare le proprie proposte di progetto ed idee e decidere sull\u2019allocazione e sul consumo di una parte dei fondi di bilancio. Nei prossimi due anni il Comune ha previsto 960 mila euro per il bilancio partecipativo. <\/strong><\/p>\n<p><strong>La raccolta delle proposte <\/strong>si terr\u00e0 <strong>da venerd\u00ec, 10 giugno, all\u201911 luglio incluso, <\/strong>anche quest\u2019anno i progetti proposti saranno classificati in sei aree del bilancio partecipativo. Questa suddivisione permette infatti di classificare uniformemente i progetti nel rispetto delle comunit\u00e0 locali che hanno diverse necessit\u00e0 e densit\u00e0 di popolamento. Le aree rurali hanno la precedenza nell\u2019allocazione dei fondi.<\/p>\n<p>Il Comune dedicher\u00e0 alla realizzazione dei progetti 480 mila euro all\u2019anno, da suddividere uniformemente &#8211; 80 mila euro per ogni area &#8211; nelle singole aree del bilancio partecipativo. <strong>In totale il Comune destiner\u00e0 al progetto Propongo &#8211; decido 960 mila euro negli anni 2023 e 2024.<\/strong><\/p>\n<p>Nelle sei aree del Comune citt\u00e0 di Capodistria si terranno <strong>dal 14 al 28 giugno <\/strong>anche <strong>i laboratori con presentazioni pubbliche e istruzioni su come preparare le proposte progettuali.<\/strong> Ogni area avr\u00e0 un ufficio progetti, dove le cittadine e i cittadini potranno presentare le proprie proposte di progetto. \u00c8 importante che i progetti siano di interesse pubblico, legali, realizzabili e stimati tra i 10 e i 40 mila euro, IVA inclusa.<\/p>\n<p><strong>Datumi in kraji izvedbe delavnic:<\/strong><\/p>\n<table style=\"width: 79.3508%;\">\n<tbody>\n<tr>\n<td style=\"width: 49.5161%;\" width=\"302\">Kje<\/td>\n<td style=\"width: 133.921%;\" width=\"302\">Kdaj<\/td>\n<\/tr>\n<tr>\n<td style=\"width: 49.5161%;\" width=\"302\">Zelena dvorana Obrtne zbornice<\/td>\n<td style=\"width: 133.921%;\" width=\"302\">Torek, 14. junij 2022, ob 19.00<\/td>\n<\/tr>\n<tr>\n<td style=\"width: 49.5161%;\" width=\"302\">Zadru\u017eni dom \u0160marje<\/td>\n<td style=\"width: 133.921%;\" width=\"302\">Sreda, 15. junij 2022, ob 18.00<\/td>\n<\/tr>\n<tr>\n<td style=\"width: 49.5161%;\" width=\"302\">Zadru\u017eni dom Pobegi-\u010ce\u017earji<\/td>\n<td style=\"width: 133.921%;\" width=\"302\">\u010cetrtek, 16. junij, ob 17.00<\/td>\n<\/tr>\n<tr>\n<td style=\"width: 49.5161%;\" width=\"302\">Zadru\u017eni dom Marezige<\/td>\n<td style=\"width: 133.921%;\" width=\"302\">\u010cetrtek, 16. junij, ob 18.00<\/td>\n<\/tr>\n<tr>\n<td style=\"width: 49.5161%;\" width=\"302\">Zadru\u017eni dom Dekani<\/td>\n<td style=\"width: 133.921%;\" width=\"302\">Torek, 28. junij, ob 17.00<\/td>\n<\/tr>\n<tr>\n<td style=\"width: 49.5161%;\" width=\"302\">Gasilski dom Dol pri Hrastovljah<\/td>\n<td style=\"width: 133.921%;\" width=\"302\">Torek, 28. junij, ob 19.00<\/td>\n<\/tr>\n<\/tbody>\n<\/table>\n<p><strong>Lokacije projektnih pisarn:<\/strong><\/p>\n<table style=\"width: 79.2722%; height: 168px;\">\n<tbody>\n<tr style=\"height: 24px;\">\n<td style=\"height: 24px; width: 55.0604%;\" width=\"302\"><strong>Kje<\/strong><\/td>\n<td style=\"height: 24px; width: 105.273%;\" width=\"302\"><strong>Kdaj<\/strong><\/td>\n<\/tr>\n<tr style=\"height: 24px;\">\n<td style=\"height: 24px; width: 55.0604%;\" width=\"302\">PiNA, Koper<\/td>\n<td style=\"height: 24px; width: 105.273%;\" width=\"302\">\u010cetrtek, 16. junij, ob 16.00<\/td>\n<\/tr>\n<tr style=\"height: 24px;\">\n<td style=\"height: 24px; width: 55.0604%;\" width=\"302\">Krajevna skupnost \u0160marje<\/td>\n<td style=\"height: 24px; width: 105.273%;\" width=\"302\">\u010cetrtek, 16. junij, ob 18.00<\/td>\n<\/tr>\n<tr style=\"height: 24px;\">\n<td style=\"height: 24px; width: 55.0604%;\" width=\"302\">Zadru\u017eni dom Pobegi<\/td>\n<td style=\"height: 24px; width: 105.273%;\" width=\"302\">Sreda, 29. junij, ob 16.00<\/td>\n<\/tr>\n<tr style=\"height: 24px;\">\n<td style=\"height: 24px; width: 55.0604%;\" width=\"302\">Krajevna skupnost Marezige<\/td>\n<td style=\"height: 24px; width: 105.273%;\" width=\"302\">Sreda, 29. junij, ob 18.00<\/td>\n<\/tr>\n<tr style=\"height: 24px;\">\n<td style=\"height: 24px; width: 55.0604%;\" width=\"302\">Krajevna skupnost Dekani<\/td>\n<td style=\"height: 24px; width: 105.273%;\" width=\"302\">Torek, 5. julij, ob 16.00<\/td>\n<\/tr>\n<tr style=\"height: 24px;\">\n<td style=\"height: 24px; width: 55.0604%;\" width=\"302\">Krajevna skupnost \u010crni Kal<\/td>\n<td style=\"height: 24px; width: 105.273%;\" width=\"302\">Torek, 5. julij, ob 18.00<\/td>\n<\/tr>\n<\/tbody>\n<\/table>\n<p>Le cittadine e i cittadini con residenza stabile nel Comune citt\u00e0 di Capodistria con 15 anni di et\u00e0 nel giorno di presentazione della proposta di progetto, possono presentare le proprie proposte per posta all\u2019indirizzo Comune citt\u00e0 di Capodistria, Via Giuseppe Verdi n. 10, 6000 Capodistria, tramite posta elettronica all\u2019indirizzo <a href=\"mailto:predlagam-odlocam@koper.si\">predlagam-odlocam@koper.si<\/a> ovv. sulla pagina web <a href=\"http:\/\/www.predlagam-odlocam.koper.si\" target=\"_blank\" rel=\"noopener\">www.predlagam-odlocam.koper.si<\/a> o personalmente all\u2019Ufficio protocollo del Comune citt\u00e0 di Capodistria ovv. presso la sede della comunit\u00e0 locale, e cio\u00e8 tramite un particolare modulo.<\/p>\n<p>La commissione per il bilancio partecipativo esaminer\u00e0 le proposte di progetto pervenute tempestivamente in collaborazione con i servizi professionali del CCC e le metter\u00e0 ai voti. <strong>La votazione in merito alle proposte di progetto avr\u00e0 luogo dal 12 al 19 settembre, fino alle ore 24, <\/strong>al collegamento web <a href=\"mailto:predlagam-odlocam@koper.si\">predlagam-odlocam@koper.si<\/a> o personalmente all\u2019Ufficio protocollo del CCC o presso la sede della Comunit\u00e0 locali negli orari che pubblicheremo successivamente. In conformit\u00e0 alla votazione, la commissione rediger\u00e0 la lista prioritaria delle proposte di progetto che verranno pubblicate e classificate nella proposta del bilancio per gli anni 2023 e 2024 fino all\u2019ammontare dei fondi disponibili per singola area del bilancio partecipativo.<\/p>\n<p><em>\u201cSono contento di continuare a consolidare la tradizione della codecisione democratica. \u00c8 importante continuare a creare un clima di fiducia reciproca anche con l\u2019attuazione di progetti che non sono esigenti dal punto di vista finanziario, ma possono contribuire significativamente alla qualit\u00e0 di vita nella nostra comunit\u00e0. Ed \u00e8 giusto realizzare per voi i progetti che proporrete e voterete,\u201d <\/em>ha spiegato il sindaco <strong>Ale\u0161 Br\u017ean.<\/strong> Entro la fine di quest\u2019anno il Comune porter\u00e0 a termine alcuni progetti del bilancio partecipativo. In totale ha gi\u00e0 realizzato 100 progetti che rientrano nel bilancio partecipativo.<\/p>\n<p><iframe loading=\"lazy\" title=\"Nagovor \u017eupana ob najavi Participativnega prora\u010duna za leti 2023 in 2024\" width=\"640\" height=\"360\" src=\"https:\/\/www.youtube.com\/embed\/QGbUUTCI628?feature=oembed\" frameborder=\"0\" allow=\"accelerometer; autoplay; clipboard-write; encrypted-media; gyroscope; picture-in-picture; web-share\" referrerpolicy=\"strict-origin-when-cross-origin\" allowfullscreen><\/iframe><\/p>\n","protected":false},"excerpt":{"rendered":"<p>Gi\u00e0 prima dell\u2019estate il Comune citt\u00e0 di Capodistria inizier\u00e0 a realizzare il nuovo bilancio partecipativo per gli anni 2023 e 2024 con il progetto Propongo &#8211; decido. Le cittadine e i cittadini avranno cos\u00ec nuovamente la possibilit\u00e0 di presentare le proprie proposte di progetto ed idee e decidere sull\u2019allocazione e sul consumo di una parte<\/p>\n","protected":false},"author":16,"featured_media":93944,"comment_status":"closed","ping_status":"closed","sticky":false,"template":"","format":"standard","meta":{"_acf_changed":false,"inline_featured_image":false,"footnotes":""},"categories":[282],"tags":[],"class_list":["post-93949","post","type-post","status-publish","format-standard","has-post-thumbnail","hentry","category-generale"],"acf":[],"_links":{"self":[{"href":"https:\/\/www.koper.si\/it\/wp-json\/wp\/v2\/posts\/93949","targetHints":{"allow":["GET"]}}],"collection":[{"href":"https:\/\/www.koper.si\/it\/wp-json\/wp\/v2\/posts"}],"about":[{"href":"https:\/\/www.koper.si\/it\/wp-json\/wp\/v2\/types\/post"}],"author":[{"embeddable":true,"href":"https:\/\/www.koper.si\/it\/wp-json\/wp\/v2\/users\/16"}],"replies":[{"embeddable":true,"href":"https:\/\/www.koper.si\/it\/wp-json\/wp\/v2\/comments?post=93949"}],"version-history":[{"count":3,"href":"https:\/\/www.koper.si\/it\/wp-json\/wp\/v2\/posts\/93949\/revisions"}],"predecessor-version":[{"id":93956,"href":"https:\/\/www.koper.si\/it\/wp-json\/wp\/v2\/posts\/93949\/revisions\/93956"}],"wp:featuredmedia":[{"embeddable":true,"href":"https:\/\/www.koper.si\/it\/wp-json\/wp\/v2\/media\/93944"}],"wp:attachment":[{"href":"https:\/\/www.koper.si\/it\/wp-json\/wp\/v2\/media?parent=93949"}],"wp:term":[{"taxonomy":"category","embeddable":true,"href":"https:\/\/www.koper.si\/it\/wp-json\/wp\/v2\/categories?post=93949"},{"taxonomy":"post_tag","embeddable":true,"href":"https:\/\/www.koper.si\/it\/wp-json\/wp\/v2\/tags?post=93949"}],"curies":[{"name":"wp","href":"https:\/\/api.w.org\/{rel}","templated":true}]}}