{"id":94895,"date":"2022-08-05T08:50:57","date_gmt":"2022-08-05T06:50:57","guid":{"rendered":"https:\/\/www.koper.si\/?p=94895"},"modified":"2022-08-09T08:52:00","modified_gmt":"2022-08-09T06:52:00","slug":"la-carovana-dellacqua-con-militari-vigili-del-fuoco-e-privati","status":"publish","type":"post","link":"https:\/\/www.koper.si\/it\/la-carovana-dellacqua-con-militari-vigili-del-fuoco-e-privati\/","title":{"rendered":"La carovana dell\u2019acqua con militari, vigili del fuoco e privati"},"content":{"rendered":"<p>Dalla fine di giugno gli abitanti dell\u2019Istria slovena affrontano un lungo periodo di siccit\u00e0 e la conseguente carenza d\u2019acqua. A seguito di un primo invito all\u2019uso razionale dell\u2019acqua potabile e all\u2019approvazione di determinati provvedimenti e divieti volti alla diminuzione del consumo di acqua potabile, il 21 luglio il Governo della RS ha approvato la decisione di trasportare l\u2019acqua nell\u2019Istria slovena con le cisterne. Oggi presso l\u2019impianto idrico di Cepki il segretario statale presso il ministero per la difesa Rudi Medved, il vicesindaco del Comune citt\u00e0 di Capodistria Janez Starman e il direttore dell\u2019AP Ri\u017eanski vodovod Martin Pregelj hanno visto come si svolgono i trasporti dell\u2019acqua del fiume Unica.<\/p>\n<p>Il vicesindaco del Comune citt\u00e0 di Capodistria Janez Starman ha ribadito che i comuni dell\u2019Istria slovena sono soddisfatti della decisione del Governo della RS. <em>\u201cSiamo contenti e grati all\u2019esercito e ai vigili del fuoco per l\u2019aiuto nel garantire le quantit\u00e0 necessarie di acqua potabile e a tutti i privati che hanno risposto al nostro grido d\u2019aiuto e che offrono il trasporto in cisterne con capacit\u00e0 di 25 metri cubici. Confidiamo che ora lo Stato ha capito la seriet\u00e0 della situazione, presente ormai da anni nell\u2019Istria slovena, e che provveder\u00e0 alla risoluzione del problema di approvvigionamento idrico della zona\u201d. <\/em>Ha colto l\u2019occasione per ringraziare gli abitanti dell\u2019Istria slovena e le societ\u00e0 commerciali che hanno capito la seriet\u00e0 della situazione e hanno cercato di utilizzare razionalmente l\u2019acqua potabile.<\/p>\n<p>Il consumo dell\u2019acqua potabile \u00e8 diminuito da oltre 400 l\/s a 325 l\/s, risultato soprattutto del divieto di consumo dell\u2019acqua potabile per motivi non urgenti e dovuto alle ferie dei maggiori consumatori, comunque, le riduzioni non sono ancora da scartare. Per i prossimi giorni i meteorologici prevedono una nuova ondata di caldo, all\u2019AP Ri\u017eanski vodovod si prevede un maggiore consumo idrico. Si prega tutti gli utenti a utilizzare l\u2019acqua con parsimonia e responsabilit\u00e0.<\/p>\n","protected":false},"excerpt":{"rendered":"<p>Oggi presso l\u2019impianto idrico di Cepki il segretario statale presso il ministero per la difesa Rudi Medved, il vicesindaco del Comune citt\u00e0 di Capodistria Janez Starman e il direttore dell\u2019AP Ri\u017eanski vodovod Martin Pregelj hanno ispezionato le attivit\u00e0 volte a garantire le quantit\u00e0 necessarie di acqua potabile nell\u2019Istria slovena. Sin dal 26 luglio infatti l\u2019Esercito<\/p>\n","protected":false},"author":13,"featured_media":94884,"comment_status":"closed","ping_status":"closed","sticky":false,"template":"","format":"standard","meta":{"_acf_changed":false,"inline_featured_image":false,"footnotes":""},"categories":[282],"tags":[],"class_list":["post-94895","post","type-post","status-publish","format-standard","has-post-thumbnail","hentry","category-generale"],"acf":[],"_links":{"self":[{"href":"https:\/\/www.koper.si\/it\/wp-json\/wp\/v2\/posts\/94895","targetHints":{"allow":["GET"]}}],"collection":[{"href":"https:\/\/www.koper.si\/it\/wp-json\/wp\/v2\/posts"}],"about":[{"href":"https:\/\/www.koper.si\/it\/wp-json\/wp\/v2\/types\/post"}],"author":[{"embeddable":true,"href":"https:\/\/www.koper.si\/it\/wp-json\/wp\/v2\/users\/13"}],"replies":[{"embeddable":true,"href":"https:\/\/www.koper.si\/it\/wp-json\/wp\/v2\/comments?post=94895"}],"version-history":[{"count":1,"href":"https:\/\/www.koper.si\/it\/wp-json\/wp\/v2\/posts\/94895\/revisions"}],"predecessor-version":[{"id":94896,"href":"https:\/\/www.koper.si\/it\/wp-json\/wp\/v2\/posts\/94895\/revisions\/94896"}],"wp:featuredmedia":[{"embeddable":true,"href":"https:\/\/www.koper.si\/it\/wp-json\/wp\/v2\/media\/94884"}],"wp:attachment":[{"href":"https:\/\/www.koper.si\/it\/wp-json\/wp\/v2\/media?parent=94895"}],"wp:term":[{"taxonomy":"category","embeddable":true,"href":"https:\/\/www.koper.si\/it\/wp-json\/wp\/v2\/categories?post=94895"},{"taxonomy":"post_tag","embeddable":true,"href":"https:\/\/www.koper.si\/it\/wp-json\/wp\/v2\/tags?post=94895"}],"curies":[{"name":"wp","href":"https:\/\/api.w.org\/{rel}","templated":true}]}}