{"id":95024,"date":"2022-08-24T16:39:39","date_gmt":"2022-08-24T14:39:39","guid":{"rendered":"https:\/\/www.koper.si\/?p=95024"},"modified":"2022-08-24T17:00:06","modified_gmt":"2022-08-24T15:00:06","slug":"la-nuova-parete-per-larrampicata-prendera-vita-questo-fine-settimana","status":"publish","type":"post","link":"https:\/\/www.koper.si\/it\/la-nuova-parete-per-larrampicata-prendera-vita-questo-fine-settimana\/","title":{"rendered":"La nuova parete per l\u2019arrampicata prender\u00e0 vita questo fine settimana"},"content":{"rendered":"<p><strong>Venerd\u00ec, 26 agosto, alle ore 20, il Comune citt\u00e0 di Capodistria inaugurer\u00e0 la parete esterna per l\u2019arrampicata; con l\u2019esistente centro di arrampicata Capodistria unir\u00e0 cos\u00ec le discipline di arrampicata di velocit\u00e0, difficolt\u00e0 e il bouldering. Il prossimo fine settimana Capodistria ospiter\u00e0 la XVI coppa mondiale in arrampicata sportiva; il campionato si trasferisce dopo XV anni da Kranj. <\/strong><\/p>\n<p>La nuova parete per l\u2019arrampicata di velocit\u00e0 e difficolt\u00e0 \u00e8 molto importante sia a livello nazionale che a livello locale; la struttura potr\u00e0 infatti ospitare campionati internazionali di arrampicata, diventer\u00e0 il centro ufficiale di allenamento della nazionale slovena e incentiver\u00e0 lo sviluppo dell\u2019arrampicata sportiva e il turismo sportivo.<\/p>\n<p>Con 30 metri di lunghezza e 18 metri di altezza la parete esterna di arrampicata a Capodistria sar\u00e0 alla pari con quelle di Innsbruck o Augsburg. Il centro d\u2019arrampicata di Capodistria si estende su circa 700 metri quadrati, con la parte esterna si estender\u00e0 invece su 900 metri quadrati. Gran parte della nuova parete da arrampicata, collocata sulla facciata nord-orientale dell\u2019esistente stabile, sar\u00e0 dedicata all\u2019arrampicata di difficolt\u00e0. La parete sar\u00e0 composta da varie lastre per arrampicata, posizionate in diverse direzioni e con diverse pendenze; la torre a sinistra della parete sar\u00e0 dedicata all\u2019arrampicata di velocit\u00e0. Entrambi le superfici per l\u2019arrampicata saranno collegate in cima da una tettoia, che servir\u00e0 per stabilizzare l\u2019impianto e anche per proteggere gli sportivi dal sole, dalla pioggia e dal vento.<\/p>\n<p>Il Comune ha avviato i lavori per l\u2019investimento del valore di 750.000 euro nel mese di dicembre dell\u2019anno scorso e ha concluso i lavori nel mese di luglio di quest\u2019anno. Ha acquisito 55 mila euro a titolo di mezzi a fondo perduto dalla Fondazione per lo sport della Slovenia.<\/p>\n<p>L\u2019inaugurazione solenne della parete per l\u2019arrampicata si terr\u00e0 venerd\u00ec, 26 agosto, alle ore 20, presso il Centro di arrampicata di Capodistria in Bonifika. All\u2019inaugurazione si esibiranno i migliori arrampicatori, l\u2019acrobata Dana Augu\u0161tin, la Scuola di danza Fiona e il gruppo \u0160ank Rock.<\/p>\n<p><a href=\"https:\/\/www.koper.si\/wp-content\/uploads\/2022\/08\/PLEZALNA_otvoritev_260822_1152x720.jpg\"><img loading=\"lazy\" decoding=\"async\" class=\"aligncenter wp-image-95013 size-full\" src=\"https:\/\/www.koper.si\/wp-content\/uploads\/2022\/08\/PLEZALNA_otvoritev_260822_1152x720.jpg\" alt=\"\" width=\"1152\" height=\"720\" srcset=\"https:\/\/www.koper.si\/wp-content\/uploads\/2022\/08\/PLEZALNA_otvoritev_260822_1152x720.jpg 1152w, https:\/\/www.koper.si\/wp-content\/uploads\/2022\/08\/PLEZALNA_otvoritev_260822_1152x720-768x480.jpg 768w\" sizes=\"auto, (max-width: 1152px) 100vw, 1152px\" \/><\/a><\/p>\n<p><strong>La prossima settimana ci sar\u00e0 la gara per la coppa mondiale nell\u2019arrampicata sportiva<\/strong><\/p>\n<p>Dopo 25 anni le gare del Campionato mondiale si terranno a Capodistria tra il 2 e il 3 settembre. Il primo giorno di gara nelle ore serali ci saranno le qualifiche e la semifinale, di mattina si metteranno alla sfida gli alunni delle scuole elementari alle mini olimpiadi, all\u2019evento ci sar\u00e0 un ricco programma di accompagnamento alle bancarelle e il programma musicale con il DJ. <strong>Sabato 3 settembre<\/strong> ci sar\u00e0 la giornata delle porte aperte del centro Plus climbing, di pomeriggio i visitatori potranno assistere al campionato nazionale di arrampicata di velocit\u00e0 di categoria bambini e giovani, di sera invece la finale e il concerto del gruppo 6 Pence Queen Tribute.<\/p>\n<div id='gallery-1'  class='gallery galleryid-95024 gallery-columns-2 gallery-size-full'><figure class='gallery-item'>\n\t\t\t<div class='gallery-icon landscape'>\n\t\t\t\t<a data-fancybox=\"gallery-95024\" data-caption=\"\" href='https:\/\/www.koper.si\/wp-content\/uploads\/2022\/08\/janja-garnbret-foto-jaka-ivancic-scaled.jpg'><img loading=\"lazy\" decoding=\"async\" width=\"2560\" height=\"1896\" src=\"https:\/\/www.koper.si\/wp-content\/uploads\/2022\/08\/janja-garnbret-foto-jaka-ivancic-scaled.jpg\" class=\"attachment-full size-full\" alt=\"\" srcset=\"https:\/\/www.koper.si\/wp-content\/uploads\/2022\/08\/janja-garnbret-foto-jaka-ivancic-scaled.jpg 2560w, https:\/\/www.koper.si\/wp-content\/uploads\/2022\/08\/janja-garnbret-foto-jaka-ivancic-768x569.jpg 768w, https:\/\/www.koper.si\/wp-content\/uploads\/2022\/08\/janja-garnbret-foto-jaka-ivancic-1536x1138.jpg 1536w, https:\/\/www.koper.si\/wp-content\/uploads\/2022\/08\/janja-garnbret-foto-jaka-ivancic-2048x1517.jpg 2048w\" sizes=\"auto, (max-width: 2560px) 100vw, 2560px\" \/><\/a>\n\t\t\t<\/div><\/figure><figure class='gallery-item'>\n\t\t\t<div class='gallery-icon landscape'>\n\t\t\t\t<a data-fancybox=\"gallery-95024\" data-caption=\"\" href='https:\/\/www.koper.si\/wp-content\/uploads\/2022\/08\/luka-potocar-foto-jaka-ivancic-scaled.jpg'><img loading=\"lazy\" decoding=\"async\" width=\"2560\" height=\"1708\" src=\"https:\/\/www.koper.si\/wp-content\/uploads\/2022\/08\/luka-potocar-foto-jaka-ivancic-scaled.jpg\" class=\"attachment-full size-full\" alt=\"\" srcset=\"https:\/\/www.koper.si\/wp-content\/uploads\/2022\/08\/luka-potocar-foto-jaka-ivancic-scaled.jpg 2560w, https:\/\/www.koper.si\/wp-content\/uploads\/2022\/08\/luka-potocar-foto-jaka-ivancic-768x512.jpg 768w, https:\/\/www.koper.si\/wp-content\/uploads\/2022\/08\/luka-potocar-foto-jaka-ivancic-1536x1025.jpg 1536w, https:\/\/www.koper.si\/wp-content\/uploads\/2022\/08\/luka-potocar-foto-jaka-ivancic-2048x1366.jpg 2048w\" sizes=\"auto, (max-width: 2560px) 100vw, 2560px\" \/><\/a>\n\t\t\t<\/div><\/figure>\n\t\t<\/div>\n\n<p>Saranno a disposizione i biglietti gratuiti. In collaborazione con l\u2019Associazione alpinistica della Slovenia, l\u2019azienda PRVA, sponsor generale della nazionale slovena di arrampicata sportiva dal 2018, infatti offre ai visitatori i biglietti gratuiti. Per ottenere il biglietto gratuito, compilare il modulo reperibile sulla pagina web navrhu.prva.si.<\/p>\n<p>Comunque, se non volete partecipare all\u2019iniziativa promozionale per i biglietti gratuiti, ma desiderate comunque vedere i migliori atleti dell\u2019arrampicata dal vivo, potete acquistare il biglietto ai punti vendita Eventim. Il prezzo del biglietto per l\u2019intero campionato (venerd\u00ec e sabato) \u00e8 20 euro. Il prezzo dei biglietti per i membri dell\u2019Associazione alpinistica della Slovenia e per i residenti del Comune citt\u00e0 di Capodistria \u00e8 15 euro.<\/p>\n<p><a href=\"https:\/\/www.koper.si\/wp-content\/uploads\/2022\/08\/glava.jpg\"><img loading=\"lazy\" decoding=\"async\" class=\"aligncenter wp-image-95007 size-full\" src=\"https:\/\/www.koper.si\/wp-content\/uploads\/2022\/08\/glava.jpg\" alt=\"\" width=\"1000\" height=\"550\" srcset=\"https:\/\/www.koper.si\/wp-content\/uploads\/2022\/08\/glava.jpg 1000w, https:\/\/www.koper.si\/wp-content\/uploads\/2022\/08\/glava-768x422.jpg 768w\" sizes=\"auto, (max-width: 1000px) 100vw, 1000px\" \/><\/a><\/p>\n<p>Foto: Jaka Ivan\u010di\u010d<\/p>\n","protected":false},"excerpt":{"rendered":"<p>Venerd\u00ec, 26 agosto, alle ore 20, il Comune citt\u00e0 di Capodistria inaugurer\u00e0 la parete esterna per l\u2019arrampicata; con l\u2019esistente centro di arrampicata Capodistria unir\u00e0 cos\u00ec le discipline di arrampicata di velocit\u00e0, difficolt\u00e0 e il bouldering. Il prossimo fine settimana Capodistria ospiter\u00e0 la XVI coppa mondiale in arrampicata sportiva; il campionato si trasferisce dopo XV anni<\/p>\n","protected":false},"author":17,"featured_media":95005,"comment_status":"closed","ping_status":"closed","sticky":false,"template":"","format":"standard","meta":{"_acf_changed":false,"inline_featured_image":false,"footnotes":""},"categories":[282],"tags":[],"class_list":["post-95024","post","type-post","status-publish","format-standard","has-post-thumbnail","hentry","category-generale"],"acf":[],"_links":{"self":[{"href":"https:\/\/www.koper.si\/it\/wp-json\/wp\/v2\/posts\/95024","targetHints":{"allow":["GET"]}}],"collection":[{"href":"https:\/\/www.koper.si\/it\/wp-json\/wp\/v2\/posts"}],"about":[{"href":"https:\/\/www.koper.si\/it\/wp-json\/wp\/v2\/types\/post"}],"author":[{"embeddable":true,"href":"https:\/\/www.koper.si\/it\/wp-json\/wp\/v2\/users\/17"}],"replies":[{"embeddable":true,"href":"https:\/\/www.koper.si\/it\/wp-json\/wp\/v2\/comments?post=95024"}],"version-history":[{"count":2,"href":"https:\/\/www.koper.si\/it\/wp-json\/wp\/v2\/posts\/95024\/revisions"}],"predecessor-version":[{"id":95026,"href":"https:\/\/www.koper.si\/it\/wp-json\/wp\/v2\/posts\/95024\/revisions\/95026"}],"wp:featuredmedia":[{"embeddable":true,"href":"https:\/\/www.koper.si\/it\/wp-json\/wp\/v2\/media\/95005"}],"wp:attachment":[{"href":"https:\/\/www.koper.si\/it\/wp-json\/wp\/v2\/media?parent=95024"}],"wp:term":[{"taxonomy":"category","embeddable":true,"href":"https:\/\/www.koper.si\/it\/wp-json\/wp\/v2\/categories?post=95024"},{"taxonomy":"post_tag","embeddable":true,"href":"https:\/\/www.koper.si\/it\/wp-json\/wp\/v2\/tags?post=95024"}],"curies":[{"name":"wp","href":"https:\/\/api.w.org\/{rel}","templated":true}]}}