{"id":97203,"date":"2022-10-13T19:02:28","date_gmt":"2022-10-13T17:02:28","guid":{"rendered":"https:\/\/www.koper.si\/?p=97203"},"modified":"2022-10-14T11:03:04","modified_gmt":"2022-10-14T09:03:04","slug":"la-se-dusan-bordon-celebra-limportante-anniversario-con-lapertura-dellampliamento-delledificio-scolastico","status":"publish","type":"post","link":"https:\/\/www.koper.si\/it\/la-se-dusan-bordon-celebra-limportante-anniversario-con-lapertura-dellampliamento-delledificio-scolastico\/","title":{"rendered":"La SE Du\u0161an Bordon celebra l\u2019importante anniversario con l\u2019apertura dell\u2019ampliamento dell\u2019edificio scolastico"},"content":{"rendered":"<p><strong>Oggi la SE Du\u0161an Bordon a Semedella ha celebrato il suo 50\u00b0 anniversario. Una delle scuole pi\u00f9 antiche e pi\u00f9 grandi a Capodistria ha celebrato l\u2019anniversario con l\u2019apertura dell\u2019ampliamento dell\u2019edificio scolastico. Anche il sindaco Ale\u0161 Br\u017ean ha partecipato all\u2019evento.<\/strong><\/p>\n<p>Da oggi la SE Du\u0161an Bordon vanta un nuovo edificio annesso all\u2019esistente edificio scolastico. Con l\u2019investimento di 1.169.009,51 euro il Comune citt\u00e0 di Capodistria ha risolto la problematica di spazio che la scuola affrontava da anni. L\u2019edifico annesso di tre piani offre alla scuola pi\u00f9 di 600 metri quadrati di spazi aggiuntivi.<\/p>\n<p>Al primo e al secondo piano ci saranno tre classi, di cui una adibita per la lezione di economia domestica, quattro gabinetti per i professori, due bagni separati per le alunne e gli alunni e alcuni magazzini. I nuovi spazi ospitano, oltre alla nuova biblioteca con sala di lettura, anche l\u2019ambulatorio dentistico scolastico. L\u2019ambulatorio \u00e8 separato dalla scuola, vi si potr\u00e0 accedere dalla biblioteca ovv. dalla parte esterna dalla Via della II Brigata d\u2019Oltremare.<\/p>\n<p>\u00abLa storia della scuola \u00e8 segnata da impegno e privazioni, dalla dedizione alla propria professione e dalla missione, dalle ambizioni e dal desiderio di essere sempre i migliori. Ma soprattutto dalla felicit\u00e0 delle alunne e degli alunni, che escono dalla scuola pronti a nuove sfide. Sono sicuro che siate veramente orgogliosi dei risultati del vostro lavoro e delle vostre attivit\u00e0\u00bb, si \u00e8 rivolto al collettivo scolastico il sindaco Ale\u0161 Br\u017ean e ha conferito il riconoscimento alla preside Pika Mateli\u010d.<\/p>\n","protected":false},"excerpt":{"rendered":"<p>Oggi la SE Du\u0161an Bordon a Semedella ha celebrato il suo 50\u00b0 anniversario. Una delle scuole pi\u00f9 antiche e pi\u00f9 grandi a Capodistria ha celebrato l\u2019anniversario con l\u2019apertura dell\u2019ampliamento dell\u2019edificio scolastico. Anche il sindaco Ale\u0161 Br\u017ean ha partecipato all\u2019evento. Da oggi la SE Du\u0161an Bordon vanta un nuovo edificio annesso all\u2019esistente edificio scolastico. Con l\u2019investimento<\/p>\n","protected":false},"author":21,"featured_media":97201,"comment_status":"closed","ping_status":"closed","sticky":false,"template":"","format":"standard","meta":{"_acf_changed":false,"inline_featured_image":false,"footnotes":""},"categories":[282],"tags":[],"class_list":["post-97203","post","type-post","status-publish","format-standard","has-post-thumbnail","hentry","category-generale"],"acf":[],"_links":{"self":[{"href":"https:\/\/www.koper.si\/it\/wp-json\/wp\/v2\/posts\/97203","targetHints":{"allow":["GET"]}}],"collection":[{"href":"https:\/\/www.koper.si\/it\/wp-json\/wp\/v2\/posts"}],"about":[{"href":"https:\/\/www.koper.si\/it\/wp-json\/wp\/v2\/types\/post"}],"author":[{"embeddable":true,"href":"https:\/\/www.koper.si\/it\/wp-json\/wp\/v2\/users\/21"}],"replies":[{"embeddable":true,"href":"https:\/\/www.koper.si\/it\/wp-json\/wp\/v2\/comments?post=97203"}],"version-history":[{"count":3,"href":"https:\/\/www.koper.si\/it\/wp-json\/wp\/v2\/posts\/97203\/revisions"}],"predecessor-version":[{"id":97207,"href":"https:\/\/www.koper.si\/it\/wp-json\/wp\/v2\/posts\/97203\/revisions\/97207"}],"wp:featuredmedia":[{"embeddable":true,"href":"https:\/\/www.koper.si\/it\/wp-json\/wp\/v2\/media\/97201"}],"wp:attachment":[{"href":"https:\/\/www.koper.si\/it\/wp-json\/wp\/v2\/media?parent=97203"}],"wp:term":[{"taxonomy":"category","embeddable":true,"href":"https:\/\/www.koper.si\/it\/wp-json\/wp\/v2\/categories?post=97203"},{"taxonomy":"post_tag","embeddable":true,"href":"https:\/\/www.koper.si\/it\/wp-json\/wp\/v2\/tags?post=97203"}],"curies":[{"name":"wp","href":"https:\/\/api.w.org\/{rel}","templated":true}]}}