{"id":97761,"date":"2022-11-18T13:02:22","date_gmt":"2022-11-18T12:02:22","guid":{"rendered":"https:\/\/www.koper.si\/?p=97761"},"modified":"2022-11-21T13:03:05","modified_gmt":"2022-11-21T12:03:05","slug":"inaugurato-lapiario-didattico-urbano-nella-sede-del-vivaio-cittadino-presso-san-canziano","status":"publish","type":"post","link":"https:\/\/www.koper.si\/it\/inaugurato-lapiario-didattico-urbano-nella-sede-del-vivaio-cittadino-presso-san-canziano\/","title":{"rendered":"Inaugurato l\u2019apiario didattico urbano nella sede del Vivaio cittadino presso San Canziano"},"content":{"rendered":"<p><strong>Il sindaco del Comune citt\u00e0 di Capodistria, Ale\u0161 Br\u017ean, ha visitato oggi tre sedi dell&#8217;azienda pubblica Marjetica Koper. Ha ringraziato i dipendenti per l&#8217;impegno profuso giornalmente, affinch\u00e9 Capodistria per il secondo anno consecutivo possa fregiarsi del titolo di grande citt\u00e0 pi\u00f9 ordinata della Slovenia. In questa occasione, il sindaco e il direttore di Marjetica, Davor Bri\u0161evec, nella sede del Vivaio comunale presso San Canziano hanno inaugurato l&#8217;apiario didattico urbano. \u00a0<\/strong><\/p>\n<p>Il Comune Citt\u00e0 di Capodistria e l\u2019azienda pubblica Marjetica Koper continuano con azioni socialmente utili, volte alla salvaguardia della vita delle api. In collaborazione con l&#8217;Associazione apicoltori del Litorale di Capodistria, ogni anno mettono a dimora numerosi alberi e piante mellifere, e ora hanno anche allestito un apiario didattico urbano \u201cStep Closer\u201d presso il Giardino comunale di San Canziano. Le api ed altri insetti impollinatori sono, infatti, un ottimo indicatore delle condizioni ambientali. La loro presenza, assenza o abbondanza, ci avvisa cosa sta succedendo a livello ambientale e quando, quindi, si rende necessaria un&#8217;azione per salvaguardare il pianeta.<\/p>\n<p>L&#8217;apiario Step Closer \u00e8 frutto di un percorso di ricerca sloveno. Il progetto di massima \u00e8 stato redatto sotto la guida del prof. Miha De\u0161man, presso la Facolt\u00e0 di Architettura dell\u2019Universit\u00e0 di Lubiana, la struttura in legno dell\u2019apiario, invece, \u00e8 stata messa a punto da due aziende slovene. L\u2019Associazione apicoltori del Litorale di Capodistria, che si adopera per mantenere le condizioni ottimali nell\u2019apiario didattico urbano, ha aiutato a popolare le otto arnie con le api carniche, la specie autoctona slovena.<\/p>\n<p>Il padiglione \u00e8 composto da due ambienti separati: uno per gli osservatori ed uno per le api con lo spazio di manipolazione. I due ambienti sono separati da una parete vetrata che consente ai visitatori una visione sicura del lavoro all&#8217;interno dell&#8217;apiario, anche da vicino. Il padiglione \u00e8 costituito da una struttura in legno di larice sloveno, posta su basi in cemento, che \u00e8 chiusa all\u2019interno con panelli e all\u2019esterno riprende il ritmo dei pilastri. Nella costruzione sono inseriti due grandi vetri temperati senza aggiunta di profili. La trave in legno rialzata consente un&#8217;adeguata ventilazione e il tetto piano inverdito limita il surriscaldamento. Le arnie si trovano ad un&#8217;altezza di lavoro adeguata, lasciando sia sotto sia sopra lo spazio necessario per attrezzi ed apparecchiature. Intorno all&#8217;apiario, i servizi professionali del Vivaio comunale Marjetica Koper hanno piantumato diverse piante mellifere secondo le indicazioni del dott. Jo\u017ee Bavcon, creando cos\u00ec un habitat ideale per le api.<\/p>\n<p>L\u2019apiario funger\u00e0 non solo come spazio accogliente per le api ma anche come aula didattica in cui alunne ed alunni potranno conoscere da vicino le api e la loro attivit\u00e0, gli apicoltori dell\u2019Associazione apicoltori del Litorale di Capodistria, invece, avranno modo di presentare in modo professionale e da vicino l\u2019apicoltura.<\/p>\n<p>Foto: MOK<\/p>\n","protected":false},"excerpt":{"rendered":"<p>Il sindaco del Comune citt\u00e0 di Capodistria, Ale\u0161 Br\u017ean, ha visitato oggi tre sedi dell&#8217;azienda pubblica Marjetica Koper. Ha ringraziato i dipendenti per l&#8217;impegno profuso giornalmente, affinch\u00e9 Capodistria per il secondo anno consecutivo possa fregiarsi del titolo di grande citt\u00e0 pi\u00f9 ordinata della Slovenia. In questa occasione, il sindaco e il direttore di Marjetica, Davor<\/p>\n","protected":false},"author":21,"featured_media":97748,"comment_status":"closed","ping_status":"closed","sticky":false,"template":"","format":"standard","meta":{"_acf_changed":false,"inline_featured_image":false,"footnotes":""},"categories":[282],"tags":[],"class_list":["post-97761","post","type-post","status-publish","format-standard","has-post-thumbnail","hentry","category-generale"],"acf":[],"_links":{"self":[{"href":"https:\/\/www.koper.si\/it\/wp-json\/wp\/v2\/posts\/97761","targetHints":{"allow":["GET"]}}],"collection":[{"href":"https:\/\/www.koper.si\/it\/wp-json\/wp\/v2\/posts"}],"about":[{"href":"https:\/\/www.koper.si\/it\/wp-json\/wp\/v2\/types\/post"}],"author":[{"embeddable":true,"href":"https:\/\/www.koper.si\/it\/wp-json\/wp\/v2\/users\/21"}],"replies":[{"embeddable":true,"href":"https:\/\/www.koper.si\/it\/wp-json\/wp\/v2\/comments?post=97761"}],"version-history":[{"count":2,"href":"https:\/\/www.koper.si\/it\/wp-json\/wp\/v2\/posts\/97761\/revisions"}],"predecessor-version":[{"id":97765,"href":"https:\/\/www.koper.si\/it\/wp-json\/wp\/v2\/posts\/97761\/revisions\/97765"}],"wp:featuredmedia":[{"embeddable":true,"href":"https:\/\/www.koper.si\/it\/wp-json\/wp\/v2\/media\/97748"}],"wp:attachment":[{"href":"https:\/\/www.koper.si\/it\/wp-json\/wp\/v2\/media?parent=97761"}],"wp:term":[{"taxonomy":"category","embeddable":true,"href":"https:\/\/www.koper.si\/it\/wp-json\/wp\/v2\/categories?post=97761"},{"taxonomy":"post_tag","embeddable":true,"href":"https:\/\/www.koper.si\/it\/wp-json\/wp\/v2\/tags?post=97761"}],"curies":[{"name":"wp","href":"https:\/\/api.w.org\/{rel}","templated":true}]}}