{"id":98593,"date":"2023-01-25T13:41:24","date_gmt":"2023-01-25T12:41:24","guid":{"rendered":"https:\/\/www.koper.si\/?p=98593"},"modified":"2023-01-25T13:47:31","modified_gmt":"2023-01-25T12:47:31","slug":"podzupan-pripadnik-italijanske-narodne-skupnosti-znova-mario-steffe","status":"publish","type":"post","link":"https:\/\/www.koper.si\/it\/podzupan-pripadnik-italijanske-narodne-skupnosti-znova-mario-steffe\/","title":{"rendered":"Pod\u017eupan, pripadnik italijanske narodne skupnosti, znova Mario Steff\u00e9"},"content":{"rendered":"<p><strong>\u017dupan Mestne ob\u010dine Koper Ale\u0161 Br\u017ean je izpopolnil svojo pod\u017eupansko ekipo. Za \u010detrtega pod\u017eupana, pripadnika italijanske narodne skupnosti, je imenoval Maria Steff\u00e9ja.<\/strong><\/p>\n<p>Skladno s statutom Mestne ob\u010dine Koper mora biti pod\u017eupan tudi pripadnik italijanske narodne skupnosti, izmed \u010dlanov ob\u010dinskega sveta, izvoljenih na posebnih listah pripadnikov italijanske narodne skupnosti, ga imenuje \u017eupan. Br\u017ean je to vlogo znova zaupal Mariu Steff\u00e9ju.<\/p>\n<p>Steff\u00e9 bo tudi v tem mandatu pomagal \u017eupanu pri njegovem delu in po pooblastilu opravljal posamezne naloge iz njegove pristojnosti, med katerimi so predvsem tiste s podro\u010dja uresni\u010devanja pravic italijanske narodne skupnosti in njenih pripadnikov. Pod\u017eupansko funkcijo bo opravljal nepoklicno.<\/p>\n<p>\u017dupan je tako v pod\u017eupansko ekipo umestil le eno novo ime. Poleg Maria Steff\u00e9ja, Janeza Starmana in Jasne Softi\u0107, ki so z \u017eupanom sodelovali \u017ee v prej\u0161njem mandatu, je pod\u017eupanja tokrat \u0161e Mateja Hrvatin Kozlovi\u010d, ki bo tudi edina kmalu funkcijo opravljala poklicno.<\/p>\n<p>Foto: MOK<\/p>\n","protected":false},"excerpt":{"rendered":"<p>\u017dupan Mestne ob\u010dine Koper Ale\u0161 Br\u017ean je izpopolnil svojo pod\u017eupansko ekipo. Za \u010detrtega pod\u017eupana, pripadnika italijanske narodne skupnosti, je imenoval Maria Steff\u00e9ja. Skladno s statutom Mestne ob\u010dine Koper mora biti pod\u017eupan tudi pripadnik italijanske narodne skupnosti, izmed \u010dlanov ob\u010dinskega sveta, izvoljenih na posebnih listah pripadnikov italijanske narodne skupnosti, ga imenuje \u017eupan. Br\u017ean je to vlogo<\/p>\n","protected":false},"author":21,"featured_media":98602,"comment_status":"closed","ping_status":"closed","sticky":false,"template":"","format":"standard","meta":{"_acf_changed":false,"inline_featured_image":false,"footnotes":""},"categories":[282],"tags":[],"class_list":["post-98593","post","type-post","status-publish","format-standard","has-post-thumbnail","hentry","category-generale"],"acf":[],"_links":{"self":[{"href":"https:\/\/www.koper.si\/it\/wp-json\/wp\/v2\/posts\/98593","targetHints":{"allow":["GET"]}}],"collection":[{"href":"https:\/\/www.koper.si\/it\/wp-json\/wp\/v2\/posts"}],"about":[{"href":"https:\/\/www.koper.si\/it\/wp-json\/wp\/v2\/types\/post"}],"author":[{"embeddable":true,"href":"https:\/\/www.koper.si\/it\/wp-json\/wp\/v2\/users\/21"}],"replies":[{"embeddable":true,"href":"https:\/\/www.koper.si\/it\/wp-json\/wp\/v2\/comments?post=98593"}],"version-history":[{"count":2,"href":"https:\/\/www.koper.si\/it\/wp-json\/wp\/v2\/posts\/98593\/revisions"}],"predecessor-version":[{"id":98604,"href":"https:\/\/www.koper.si\/it\/wp-json\/wp\/v2\/posts\/98593\/revisions\/98604"}],"wp:featuredmedia":[{"embeddable":true,"href":"https:\/\/www.koper.si\/it\/wp-json\/wp\/v2\/media\/98602"}],"wp:attachment":[{"href":"https:\/\/www.koper.si\/it\/wp-json\/wp\/v2\/media?parent=98593"}],"wp:term":[{"taxonomy":"category","embeddable":true,"href":"https:\/\/www.koper.si\/it\/wp-json\/wp\/v2\/categories?post=98593"},{"taxonomy":"post_tag","embeddable":true,"href":"https:\/\/www.koper.si\/it\/wp-json\/wp\/v2\/tags?post=98593"}],"curies":[{"name":"wp","href":"https:\/\/api.w.org\/{rel}","templated":true}]}}